{"id":12014,"date":"2024-08-12T17:40:13","date_gmt":"2024-08-12T17:40:13","guid":{"rendered":"https:\/\/obewise.com.br\/?p=12014"},"modified":"2024-08-12T17:40:13","modified_gmt":"2024-08-12T17:40:13","slug":"turkiye-restaurou-o-acesso-ao-instagram-apos-resolver-problemas-de-censura","status":"publish","type":"post","link":"https:\/\/obewise.com.br\/index.php\/2024\/08\/12\/turkiye-restaurou-o-acesso-ao-instagram-apos-resolver-problemas-de-censura\/","title":{"rendered":"T\u00fcrkiye restaurou o acesso ao Instagram ap\u00f3s resolver problemas de censura"},"content":{"rendered":"\n<p><br>A Turquia restaurou o acesso ao Instagram \u2734 depois que a rede social fez concess\u00f5es e concordou em cumprir as exig\u00eancias do pa\u00eds em rela\u00e7\u00e3o \u00e0 censura e ao conte\u00fado relacionado ao crime. O ministro dos Transportes, Abdulkadir Uraloglu, anunciou isso no X (Twitter). <\/p>\n\n\n\n<figure class=\"wp-block-image\"><img decoding=\"async\" src=\"https:\/\/avalanchenoticias.com.br\/wp-content\/uploads\/2024\/08\/aHR0cHM6Ly8zZG5ld3MucnUvYXNzZXRzL2V4dGVybmFsL2lsbHVzdHJhdGlvbnMvMjAyNC8wOC8xMi8xMTA5MzEyL3NvbGVuLWZleWlzc2EtS1daYTQyYTFrZHMtdW5zcGxhc2guanBn.jpg\" alt=\"\"\/><\/figure>\n\n\n\n<p>Fonte da imagem: Solen Feyissa\/Unsplash<\/p>\n\n\n\n<p><br>Lembramos que os usu\u00e1rios do Instagram \u2734 na Turquia perderam repentinamente o acesso ao site em 2 de agosto. As autoridades n\u00e3o deram uma raz\u00e3o espec\u00edfica para o bloqueio, mas ocorreu depois de o chefe da Direc\u00e7\u00e3o de Comunica\u00e7\u00f5es da Administra\u00e7\u00e3o Presidencial Turca, Fahrettin Altun, ter acusado a plataforma de censurar mensagens de condol\u00eancias relacionadas com a morte de Ismail Haniyeh, um membro do Hamas. l\u00edder, relata a publica\u00e7\u00e3o.<br>O bloqueio do Instagram \u2734 na Turquia coincidiu com o bloqueio de v\u00e1rias redes sociais em diferentes pa\u00edses por raz\u00f5es pol\u00edticas. <\/p>\n\n\n\n<p><\/p>\n","protected":false},"excerpt":{"rendered":"<p>A Turquia restaurou o acesso ao Instagram \u2734 depois que a rede social fez concess\u00f5es e concordou em cumprir as exig\u00eancias do pa\u00eds em rela\u00e7\u00e3o \u00e0 censura e ao conte\u00fado relacionado ao crime. O ministro dos Transportes, Abdulkadir Uraloglu, anunciou isso no X (Twitter). Fonte da imagem: Solen Feyissa\/Unsplash Lembramos que os usu\u00e1rios do Instagram &hellip;<\/p>\n","protected":false},"author":1,"featured_media":12042,"comment_status":"open","ping_status":"open","sticky":false,"template":"","format":"standard","meta":{"_bbp_topic_count":0,"_bbp_reply_count":0,"_bbp_total_topic_count":0,"_bbp_total_reply_count":0,"_bbp_voice_count":0,"_bbp_anonymous_reply_count":0,"_bbp_topic_count_hidden":0,"_bbp_reply_count_hidden":0,"_bbp_forum_subforum_count":0,"om_disable_all_campaigns":false,"_monsterinsights_skip_tracking":false,"_monsterinsights_sitenote_active":false,"_monsterinsights_sitenote_note":"","_monsterinsights_sitenote_category":0,"_shortscore_rating":"","_shortscore_game":"","_shortscore_summary":"","footnotes":""},"categories":[113,112],"tags":[],"coauthors":[393],"class_list":["post-12014","post","type-post","status-publish","format-standard","has-post-thumbnail","hentry","category-social","category-tecnologia"],"aioseo_notices":[],"_links":{"self":[{"href":"https:\/\/obewise.com.br\/index.php\/wp-json\/wp\/v2\/posts\/12014","targetHints":{"allow":["GET"]}}],"collection":[{"href":"https:\/\/obewise.com.br\/index.php\/wp-json\/wp\/v2\/posts"}],"about":[{"href":"https:\/\/obewise.com.br\/index.php\/wp-json\/wp\/v2\/types\/post"}],"author":[{"embeddable":true,"href":"https:\/\/obewise.com.br\/index.php\/wp-json\/wp\/v2\/users\/1"}],"replies":[{"embeddable":true,"href":"https:\/\/obewise.com.br\/index.php\/wp-json\/wp\/v2\/comments?post=12014"}],"version-history":[{"count":1,"href":"https:\/\/obewise.com.br\/index.php\/wp-json\/wp\/v2\/posts\/12014\/revisions"}],"predecessor-version":[{"id":12043,"href":"https:\/\/obewise.com.br\/index.php\/wp-json\/wp\/v2\/posts\/12014\/revisions\/12043"}],"wp:featuredmedia":[{"embeddable":true,"href":"https:\/\/obewise.com.br\/index.php\/wp-json\/wp\/v2\/media\/12042"}],"wp:attachment":[{"href":"https:\/\/obewise.com.br\/index.php\/wp-json\/wp\/v2\/media?parent=12014"}],"wp:term":[{"taxonomy":"category","embeddable":true,"href":"https:\/\/obewise.com.br\/index.php\/wp-json\/wp\/v2\/categories?post=12014"},{"taxonomy":"post_tag","embeddable":true,"href":"https:\/\/obewise.com.br\/index.php\/wp-json\/wp\/v2\/tags?post=12014"},{"taxonomy":"author","embeddable":true,"href":"https:\/\/obewise.com.br\/index.php\/wp-json\/wp\/v2\/coauthors?post=12014"}],"curies":[{"name":"wp","href":"https:\/\/api.w.org\/{rel}","templated":true}]}}