{"id":13517,"date":"2024-10-29T21:36:13","date_gmt":"2024-10-29T21:36:13","guid":{"rendered":"https:\/\/obewise.com.br\/index.php\/2024\/10\/29\/vinicius-de-moraes-ganha-novo-site-oficial-em-comemoracao-aos-111-anos\/"},"modified":"2024-10-29T21:36:13","modified_gmt":"2024-10-29T21:36:13","slug":"vinicius-de-moraes-ganha-novo-site-oficial-em-comemoracao-aos-111-anos","status":"publish","type":"post","link":"https:\/\/obewise.com.br\/index.php\/2024\/10\/29\/vinicius-de-moraes-ganha-novo-site-oficial-em-comemoracao-aos-111-anos\/","title":{"rendered":"Vinicius de Moraes ganha novo site oficial em comemora\u00e7\u00e3o aos 111 anos"},"content":{"rendered":"<p><\/p>\n<div>\n<p>No ano em que se comemora os 111 anos de Vinicius de Moraes, a VM Cultural anunciou o lan\u00e7amento de um novo site\u00a0que promete uma experi\u00eancia completa e imersiva.<\/p>\n<p>Apresentada de forma minuciosamente revisada e enriquecida com biografia e bibliografia, elaboradas pelo pesquisador Daniel Gil e pelo poeta Eucana\u00e3 Ferraz, autores da Obra Reunida de Vinicius de Moraes (Nova Fronteira, 2018), o novo espa\u00e7o virtual conta com conte\u00fado completo de seus livros publicados em vida.<\/p>\n<p>S\u00e3o mais de 300 poemas, 30 cr\u00f4nicas e suas cinco pe\u00e7as teatrais na \u00edntegra, incluindo a mais famosa \u201cOrfeu da Concei\u00e7\u00e3o\u201d.<\/p>\n<p>\u201cEle \u00e9 um site de refer\u00eancia porque teve curadores especializados na obra de Vinicius, e pode ser acess\u00edvel gratuitamente da maneira mais correta\u201d, explica Maria de Moraes, diretora da VM Cultural.\u00a0<\/p>\n<p>A m\u00fasica, que desempenhou um papel fundamental na vida do poeta, tamb\u00e9m recebe destaque especial.<\/p>\n<p>A discografia completa de Vinicius est\u00e1 dispon\u00edvel para os visitantes, com informa\u00e7\u00f5es sobre seus parceiros musicais e as letras de cerca de 300 can\u00e7\u00f5es.<\/p>\n<p>Al\u00e9m disso, \u00e9 poss\u00edvel acessar os principais servi\u00e7os de streaming para ouvir essas melodias marcantes. \u00c9 importante ressaltar tamb\u00e9m a inclus\u00e3o de playlists com sele\u00e7\u00f5es especiais da obra musical de Vinicius, permitindo que o p\u00fablico desfrute de uma trilha sonora cuidadosamente selecionada para ilustrar diferentes momentos e facetas de sua carreira.<\/p>\n<p>Para ampliar a experi\u00eancia, o site tamb\u00e9m conta com v\u00eddeos e podcasts que se aprofundam na vida e na obra de Vinicius. Essas produ\u00e7\u00f5es audiovisuais trazem relatos de especialistas e entrevistas com pessoas pr\u00f3ximas ao poeta, oferecendo depoimentos sobre seu legado e a influ\u00eancia que exerceu no cen\u00e1rio art\u00edstico.<\/p>\n<div class=\"wp-block-media-text is-stacked-on-mobile\">\n<figure class=\"wp-block-media-text__media\"><img loading=\"lazy\" decoding=\"async\" width=\"917\" height=\"482\" src=\"https:\/\/nerdizmo.ig.com.br\/wp-content\/uploads\/2023\/09\/trilha-de-star-wars.jpg\" alt=\"Trilha de Star Wars usa diferentes notas e melodias para definir bom e mal\" class=\"wp-image-109990 size-full\" srcset=\"https:\/\/nerdizmo.ig.com.br\/wp-content\/uploads\/2023\/09\/trilha-de-star-wars.jpg 917w, https:\/\/nerdizmo.ig.com.br\/wp-content\/uploads\/2023\/09\/trilha-de-star-wars-768x404.jpg 768w, https:\/\/nerdizmo.ig.com.br\/wp-content\/uploads\/2023\/09\/trilha-de-star-wars-150x79.jpg 150w\" sizes=\"auto, (max-width: 917px) 100vw, 917px\"\/><\/figure>\n<\/div>\n<p>A trajet\u00f3ria de Vinicius de Moraes \u00e9 retratada em uma linha do tempo que percorre seus 66 anos de vida e revela os momentos cruciais que moldaram sua carreira art\u00edstica.<\/p>\n<p>Ainda dentro do escopo da produ\u00e7\u00e3o do poeta, ser\u00e3o apresentadas informa\u00e7\u00f5es sobre suas tradu\u00e7\u00f5es para biografias de figuras ilustres, como Victor Hugo, Galileu e Beethoven, realizadas nos anos 1940.<\/p>\n<p>Para enriquecer ainda mais o conte\u00fado, o site traz novas fotos e imagens de Vinicius, entre elas uma sess\u00e3o de fotos exclusiva realizada por seu filho, Pedro de Moraes. Essas imagens in\u00e9ditas proporcionam um olhar \u00edntimo sobre o poeta e capturam sua ess\u00eancia art\u00edstica e humana.<\/p>\n<p>O download gratuito do \u201cCaderno de Leituras \u2013 Vinicius de Moraes\u201d, publicado pela Cia das Letras, para professores e profissionais de educa\u00e7\u00e3o tem um destaque no novo site.<\/p>\n<p>Esse material visa auxiliar no uso das obras do poeta em atividades educacionais e conta com um guia pr\u00e1tico para explorar seu universo liter\u00e1rio nas salas de aula.<\/p>\n<p>O novo espa\u00e7o virtual \u00e9 uma oportunidade para explorar e se envolver com a vida e a obra de Vinicius de Moraes.<\/p>\n<p>O objetivo \u00e9 oferecer um portal abrangente para conhecer e celebrar a genialidade do poeta.<\/p>\n<p>Veja mais sobre web!<\/p>\n<p><h3 class=\"jp-relatedposts-headline\"><em>Relacionado<\/em><\/h3>\n<\/p>\n<p><!-- CONTENT END 1 --><\/p><\/div>\n","protected":false},"excerpt":{"rendered":"<p>No ano em que se comemora os 111 anos de Vinicius de Moraes, a VM Cultural anunciou o lan\u00e7amento de um novo site\u00a0que promete uma experi\u00eancia completa e imersiva. Apresentada de forma minuciosamente revisada e enriquecida com biografia e bibliografia, elaboradas pelo pesquisador Daniel Gil e pelo poeta Eucana\u00e3 Ferraz, autores da Obra Reunida de &hellip;<\/p>\n","protected":false},"author":1,"featured_media":13518,"comment_status":"open","ping_status":"open","sticky":false,"template":"","format":"standard","meta":{"_bbp_topic_count":0,"_bbp_reply_count":0,"_bbp_total_topic_count":0,"_bbp_total_reply_count":0,"_bbp_voice_count":0,"_bbp_anonymous_reply_count":0,"_bbp_topic_count_hidden":0,"_bbp_reply_count_hidden":0,"_bbp_forum_subforum_count":0,"om_disable_all_campaigns":false,"_monsterinsights_skip_tracking":false,"_monsterinsights_sitenote_active":false,"_monsterinsights_sitenote_note":"","_monsterinsights_sitenote_category":0,"_shortscore_rating":"","_shortscore_game":"","_shortscore_summary":"","footnotes":""},"categories":[92],"tags":[887,919,3035,909,3033,967,1636,3034,3032],"coauthors":[393],"class_list":["post-13517","post","type-post","status-publish","format-standard","has-post-thumbnail","hentry","category-geek","tag-anos","tag-aos","tag-comemoracao","tag-ganha","tag-moraes","tag-novo","tag-oficial","tag-site","tag-vinicius"],"aioseo_notices":[],"_links":{"self":[{"href":"https:\/\/obewise.com.br\/index.php\/wp-json\/wp\/v2\/posts\/13517","targetHints":{"allow":["GET"]}}],"collection":[{"href":"https:\/\/obewise.com.br\/index.php\/wp-json\/wp\/v2\/posts"}],"about":[{"href":"https:\/\/obewise.com.br\/index.php\/wp-json\/wp\/v2\/types\/post"}],"author":[{"embeddable":true,"href":"https:\/\/obewise.com.br\/index.php\/wp-json\/wp\/v2\/users\/1"}],"replies":[{"embeddable":true,"href":"https:\/\/obewise.com.br\/index.php\/wp-json\/wp\/v2\/comments?post=13517"}],"version-history":[{"count":0,"href":"https:\/\/obewise.com.br\/index.php\/wp-json\/wp\/v2\/posts\/13517\/revisions"}],"wp:featuredmedia":[{"embeddable":true,"href":"https:\/\/obewise.com.br\/index.php\/wp-json\/wp\/v2\/media\/13518"}],"wp:attachment":[{"href":"https:\/\/obewise.com.br\/index.php\/wp-json\/wp\/v2\/media?parent=13517"}],"wp:term":[{"taxonomy":"category","embeddable":true,"href":"https:\/\/obewise.com.br\/index.php\/wp-json\/wp\/v2\/categories?post=13517"},{"taxonomy":"post_tag","embeddable":true,"href":"https:\/\/obewise.com.br\/index.php\/wp-json\/wp\/v2\/tags?post=13517"},{"taxonomy":"author","embeddable":true,"href":"https:\/\/obewise.com.br\/index.php\/wp-json\/wp\/v2\/coauthors?post=13517"}],"curies":[{"name":"wp","href":"https:\/\/api.w.org\/{rel}","templated":true}]}}