{"id":15384,"date":"2025-01-30T12:58:41","date_gmt":"2025-01-30T12:58:41","guid":{"rendered":"https:\/\/obewise.com.br\/index.php\/2025\/01\/30\/bill-gates-acredita-que-seria-diagnosticado-no-espectro-do-autismo-se-crescesse-nos-dias-de-hoje\/"},"modified":"2025-01-30T12:58:41","modified_gmt":"2025-01-30T12:58:41","slug":"bill-gates-acredita-que-seria-diagnosticado-no-espectro-do-autismo-se-crescesse-nos-dias-de-hoje","status":"publish","type":"post","link":"https:\/\/obewise.com.br\/index.php\/2025\/01\/30\/bill-gates-acredita-que-seria-diagnosticado-no-espectro-do-autismo-se-crescesse-nos-dias-de-hoje\/","title":{"rendered":"Bill Gates acredita que seria diagnosticado no espectro do autismo se crescesse nos dias de hoje"},"content":{"rendered":"<p><\/p>\n<div>\n<p>Bill Gates est\u00e1 revisitando sua inf\u00e2ncia sob uma nova perspectiva. O cofundador da Microsoft acredita que, se tivesse crescido nos dias de hoje, provavelmente seria diagnosticado dentro do espectro autista.<\/p>\n<p>Em sua autobiografia <em>Source Code<\/em>, que ser\u00e1 lan\u00e7ada em breve, ele compartilha como seu intenso foco, comportamentos repetitivos e desafios sociais se alinham a caracter\u00edsticas frequentemente associadas ao transtorno do espectro autista (TEA).<\/p>\n<p>Atualmente com 69 anos, Gates falou sobre o assunto em uma entrevista ao The Wall Street Journal, destacando o quanto a compreens\u00e3o sobre neurodiverg\u00eancia evoluiu desde sua juventude.<\/p>\n<p>Ele relembrou sua obsess\u00e3o por certos temas, especialmente matem\u00e1tica e ci\u00eancias, e mencionou comportamentos como balan\u00e7ar o corpo \u2014 movimentos que hoje s\u00e3o reconhecidos como formas comuns de autorregula\u00e7\u00e3o em pessoas autistas.<\/p>\n<p>Outro exemplo foi um projeto escolar no qual ele entregou um relat\u00f3rio de 200 p\u00e1ginas sobre o estado de Delaware, mesmo quando apenas 10 p\u00e1ginas eram exigidas. Esse epis\u00f3dio ilustra sua hiperfocaliza\u00e7\u00e3o, uma caracter\u00edstica comum em indiv\u00edduos neurodivergentes.<\/p>\n<p>Na \u00e9poca, seus pais, Bill Sr. e Mary Maxwell, ficaram preocupados com suas dificuldades sociais e decidiram matricul\u00e1-lo em uma escola especializada, al\u00e9m de buscar apoio terap\u00eautico.<\/p>\n<p>Segundo Gates, essa decis\u00e3o foi fundamental para seu futuro, j\u00e1 que foi nessa escola que conheceu Paul Allen, com quem fundaria a Microsoft.<\/p>\n<p>Ele reconhece que o ambiente estruturado e o suporte que recebeu o ajudaram a transformar seu modo \u00fanico de pensar em um trunfo. Embora enfrentasse dificuldades com normas sociais, sua habilidade de se concentrar profundamente em problemas complexos acabou se tornando um diferencial em sua trajet\u00f3ria.<\/p>\n<blockquote class=\"wp-block-quote is-layout-flow wp-block-quote-is-layout-flow\">\n<p>\u201cOlhando para tr\u00e1s, vejo que meu comportamento fugia do padr\u00e3o. Mas aquela concentra\u00e7\u00e3o intensa que apliquei \u00e0 matem\u00e1tica, ci\u00eancias e, mais tarde, \u00e0 programa\u00e7\u00e3o, acabou se tornando minha maior for\u00e7a\u201d, disse Gates.<\/p>\n<\/blockquote>\n<p>Com a maior conscientiza\u00e7\u00e3o sobre o TEA nos dias de hoje, as declara\u00e7\u00f5es de Gates refor\u00e7am a import\u00e2ncia de ambientes que valorizem formas \u00fanicas de pensar e criar.<\/p>\n<p>Seu livro, <em>Source Code<\/em>, ser\u00e1 lan\u00e7ado no dia 4 de fevereiro de 2025 e promete trazer reflex\u00f5es mais profundas sobre sua vida pessoal e profissional, al\u00e9m de mostrar como suas caracter\u00edsticas at\u00edpicas ajudaram a moldar uma das carreiras mais influentes do mundo da tecnologia.<\/p>\n<figure class=\"wp-block-embed is-type-video is-provider-youtube wp-block-embed-youtube wp-embed-aspect-16-9 wp-has-aspect-ratio\">\n<p>\n<iframe loading=\"lazy\" title=\"Bill Gates on the Autism Spectrum: \u201cThat Became a Strength\u201d\" width=\"500\" height=\"281\" src=\"https:\/\/www.youtube.com\/embed\/TgC8-mSIX1Q?feature=oembed\" frameborder=\"0\" allow=\"accelerometer; autoplay; clipboard-write; encrypted-media; gyroscope; picture-in-picture; web-share\" referrerpolicy=\"strict-origin-when-cross-origin\" allowfullscreen><\/iframe>\n<\/p>\n<\/figure>\n<p>Veja mais sobre web!<\/p>\n<p><h3 class=\"jp-relatedposts-headline\"><em>Relacionado<\/em><\/h3>\n<\/p>\n<p><!-- CONTENT END 1 --><\/p><\/div>\n","protected":false},"excerpt":{"rendered":"<p>Bill Gates est\u00e1 revisitando sua inf\u00e2ncia sob uma nova perspectiva. O cofundador da Microsoft acredita que, se tivesse crescido nos dias de hoje, provavelmente seria diagnosticado dentro do espectro autista. Em sua autobiografia Source Code, que ser\u00e1 lan\u00e7ada em breve, ele compartilha como seu intenso foco, comportamentos repetitivos e desafios sociais se alinham a caracter\u00edsticas &hellip;<\/p>\n","protected":false},"author":1,"featured_media":15385,"comment_status":"open","ping_status":"open","sticky":false,"template":"","format":"standard","meta":{"_bbp_topic_count":0,"_bbp_reply_count":0,"_bbp_total_topic_count":0,"_bbp_total_reply_count":0,"_bbp_voice_count":0,"_bbp_anonymous_reply_count":0,"_bbp_topic_count_hidden":0,"_bbp_reply_count_hidden":0,"_bbp_forum_subforum_count":0,"om_disable_all_campaigns":false,"_monsterinsights_skip_tracking":false,"_monsterinsights_sitenote_active":false,"_monsterinsights_sitenote_note":"","_monsterinsights_sitenote_category":0,"_shortscore_rating":"","_shortscore_game":"","_shortscore_summary":"","footnotes":""},"categories":[92],"tags":[2615,266,3958,4993,4996,4994,4667,4995,1658,2002,940,2547],"coauthors":[393],"class_list":["post-15384","post","type-post","status-publish","format-standard","has-post-thumbnail","hentry","category-geek","tag-acredita","tag-autismo","tag-bill","tag-bill-gates","tag-crescesse","tag-diagnosticado","tag-dias","tag-espectro","tag-gates","tag-hoje","tag-nos","tag-seria"],"aioseo_notices":[],"_links":{"self":[{"href":"https:\/\/obewise.com.br\/index.php\/wp-json\/wp\/v2\/posts\/15384","targetHints":{"allow":["GET"]}}],"collection":[{"href":"https:\/\/obewise.com.br\/index.php\/wp-json\/wp\/v2\/posts"}],"about":[{"href":"https:\/\/obewise.com.br\/index.php\/wp-json\/wp\/v2\/types\/post"}],"author":[{"embeddable":true,"href":"https:\/\/obewise.com.br\/index.php\/wp-json\/wp\/v2\/users\/1"}],"replies":[{"embeddable":true,"href":"https:\/\/obewise.com.br\/index.php\/wp-json\/wp\/v2\/comments?post=15384"}],"version-history":[{"count":0,"href":"https:\/\/obewise.com.br\/index.php\/wp-json\/wp\/v2\/posts\/15384\/revisions"}],"wp:featuredmedia":[{"embeddable":true,"href":"https:\/\/obewise.com.br\/index.php\/wp-json\/wp\/v2\/media\/15385"}],"wp:attachment":[{"href":"https:\/\/obewise.com.br\/index.php\/wp-json\/wp\/v2\/media?parent=15384"}],"wp:term":[{"taxonomy":"category","embeddable":true,"href":"https:\/\/obewise.com.br\/index.php\/wp-json\/wp\/v2\/categories?post=15384"},{"taxonomy":"post_tag","embeddable":true,"href":"https:\/\/obewise.com.br\/index.php\/wp-json\/wp\/v2\/tags?post=15384"},{"taxonomy":"author","embeddable":true,"href":"https:\/\/obewise.com.br\/index.php\/wp-json\/wp\/v2\/coauthors?post=15384"}],"curies":[{"name":"wp","href":"https:\/\/api.w.org\/{rel}","templated":true}]}}