{"id":15547,"date":"2025-02-11T12:33:58","date_gmt":"2025-02-11T12:33:58","guid":{"rendered":"https:\/\/obewise.com.br\/index.php\/2025\/02\/11\/a-lenda-de-aang-com-historia-inedita-no-brasil\/"},"modified":"2025-02-11T12:33:58","modified_gmt":"2025-02-11T12:33:58","slug":"a-lenda-de-aang-com-historia-inedita-no-brasil","status":"publish","type":"post","link":"https:\/\/obewise.com.br\/index.php\/2025\/02\/11\/a-lenda-de-aang-com-historia-inedita-no-brasil\/","title":{"rendered":"A Lenda de Aang com hist\u00f3ria in\u00e9dita no Brasil"},"content":{"rendered":"<p><\/p>\n<div>\n<p>A <strong>Editora Planeta<\/strong> tem sido uma verdadeira fonte de alegria para os f\u00e3s de <strong>Avatar: A Lenda de Aang<\/strong> no Brasil. Ap\u00f3s o lan\u00e7amento de \u201c<strong>Avatar \u2013 O \u00daltimo Mestre do Ar: A Procura<\/strong>\u201c, \u201c<strong>As Aventuras Perdidas<\/strong>\u201d e \u201c<strong>Hist\u00f3rias do Time Avatar<\/strong>\u201c, com obras do universo criado por Michael Dante DiMartino e Bryan Konietzko, a editora continua o universo expandido com a aguardad\u00edssima HQ \u201c<strong><a href=\"https:\/\/www.planetadelivros.com.br\/livro-avatar-o-ultimo-mestre-do-ar-a-fenda\/409774\" target=\"_blank\" rel=\"noreferrer noopener\">Avatar \u2013 O \u00faltimo mestre do ar: A Fenda<\/a><\/strong>\u201c.<\/p>\n<figure class=\"wp-block-image size-full\"><img loading=\"lazy\" decoding=\"async\" width=\"1920\" height=\"1080\" src=\"https:\/\/nerdizmo.ig.com.br\/wp-content\/uploads\/2025\/02\/avatar_ultimo_mestre_do_ar_fenda_nickelodeon_editora_planeta_nerdizmo_img02.jpg\" alt=\"Avatar - O \u00faltimo mestre do ar: A Fenda\" class=\"wp-image-124259\" srcset=\"https:\/\/nerdizmo.ig.com.br\/wp-content\/uploads\/2025\/02\/avatar_ultimo_mestre_do_ar_fenda_nickelodeon_editora_planeta_nerdizmo_img02.jpg 1920w, https:\/\/nerdizmo.ig.com.br\/wp-content\/uploads\/2025\/02\/avatar_ultimo_mestre_do_ar_fenda_nickelodeon_editora_planeta_nerdizmo_img02-768x432.jpg 768w, https:\/\/nerdizmo.ig.com.br\/wp-content\/uploads\/2025\/02\/avatar_ultimo_mestre_do_ar_fenda_nickelodeon_editora_planeta_nerdizmo_img02-1536x864.jpg 1536w\" sizes=\"auto, (max-width: 1920px) 100vw, 1920px\"\/><\/figure>\n<h2 class=\"wp-block-heading\">Uma trama que promete emocionar<\/h2>\n<p>Nesta hist\u00f3ria eletrizante, acompanhamos o Time Avatar em uma celebra\u00e7\u00e3o especial: um feriado esquecido por um s\u00e9culo. No entanto, o que deveria ser uma simples comemora\u00e7\u00e3o se transforma em uma perigosa miss\u00e3o quando o esp\u00edrito da Avatar Yangchen faz uma visita misteriosa a Aang.<\/p>\n<p>Nossa equipe de her\u00f3is se v\u00ea diante de um desafio inesperado ao visitar uma refinaria constru\u00edda em terras sagradas dos Mestres do Ar. O resultado? O despertar de um esp\u00edrito ancestral poderoso e sedento por vingan\u00e7a, amea\u00e7ando trazer destrui\u00e7\u00e3o ao mundo que Aang e seus amigos lutam para proteger.<\/p>\n<figure class=\"wp-block-image size-full\"><img loading=\"lazy\" decoding=\"async\" width=\"1920\" height=\"1080\" src=\"https:\/\/nerdizmo.ig.com.br\/wp-content\/uploads\/2025\/02\/avatar_ultimo_mestre_do_ar_fenda_nickelodeon_editora_planeta_nerdizmo_img03.jpg\" alt=\"Avatar - O \u00faltimo mestre do ar: A Fenda\" class=\"wp-image-124260\" srcset=\"https:\/\/nerdizmo.ig.com.br\/wp-content\/uploads\/2025\/02\/avatar_ultimo_mestre_do_ar_fenda_nickelodeon_editora_planeta_nerdizmo_img03.jpg 1920w, https:\/\/nerdizmo.ig.com.br\/wp-content\/uploads\/2025\/02\/avatar_ultimo_mestre_do_ar_fenda_nickelodeon_editora_planeta_nerdizmo_img03-768x432.jpg 768w, https:\/\/nerdizmo.ig.com.br\/wp-content\/uploads\/2025\/02\/avatar_ultimo_mestre_do_ar_fenda_nickelodeon_editora_planeta_nerdizmo_img03-1536x864.jpg 1536w\" sizes=\"auto, (max-width: 1920px) 100vw, 1920px\"\/><\/figure>\n<h2 class=\"wp-block-heading\">Mestres por tr\u00e1s da obra<\/h2>\n<p>\u201cA Fenda\u201d \u00e9 fruto do talento do premiado autor Gene Luen Yang, vencedor do Eisner e indicado ao National Book Award. Conhecido por obras como \u201cAmerican Born Chinese\u201d, Yang traz sua expertise para o universo de Avatar, trabalhando em colabora\u00e7\u00e3o direta com os criadores originais da s\u00e9rie.<\/p>\n<figure class=\"wp-block-image size-full\"><img loading=\"lazy\" decoding=\"async\" width=\"1920\" height=\"1080\" src=\"https:\/\/nerdizmo.ig.com.br\/wp-content\/uploads\/2025\/02\/avatar_ultimo_mestre_do_ar_fenda_nickelodeon_editora_planeta_nerdizmo_img04.jpg\" alt=\"Avatar - O \u00faltimo mestre do ar: A Fenda\" class=\"wp-image-124261\" srcset=\"https:\/\/nerdizmo.ig.com.br\/wp-content\/uploads\/2025\/02\/avatar_ultimo_mestre_do_ar_fenda_nickelodeon_editora_planeta_nerdizmo_img04.jpg 1920w, https:\/\/nerdizmo.ig.com.br\/wp-content\/uploads\/2025\/02\/avatar_ultimo_mestre_do_ar_fenda_nickelodeon_editora_planeta_nerdizmo_img04-768x432.jpg 768w, https:\/\/nerdizmo.ig.com.br\/wp-content\/uploads\/2025\/02\/avatar_ultimo_mestre_do_ar_fenda_nickelodeon_editora_planeta_nerdizmo_img04-1536x864.jpg 1536w\" sizes=\"auto, (max-width: 1920px) 100vw, 1920px\"\/><\/figure>\n<h2 class=\"wp-block-heading\">Mais que uma HQ, uma nova experi\u00eancia<\/h2>\n<p>O lan\u00e7amento de \u201cA Fenda\u201d pela Editora Planeta \u00e9 mais do que apenas uma nova HQ. \u00c9 uma oportunidade para os f\u00e3s se reconectarem com o universo de Avatar, explorarem novos aspectos da mitologia e acompanharem o desenvolvimento cont\u00ednuo dos personagens que tanto amamos.<\/p>\n<p>Prepare-se para dobrar os elementos, enfrentar esp\u00edritos ancestrais e embarcar em mais uma jornada \u00e9pica com Aang e seus amigos. \u201cAvatar \u2013 O \u00faltimo mestre do ar: A Fenda\u201d promete ser uma das maiores aventuras da s\u00e9rie at\u00e9 agora. Essa \u00e9 a chance para os f\u00e3s expandirem suas cole\u00e7\u00f5es e mergulharem ainda mais fundo no mundo de Avatar!<\/p>\n<p><h3 class=\"jp-relatedposts-headline\"><em>Relacionado<\/em><\/h3>\n<\/p>\n<p><!-- CONTENT END 1 --><\/p><\/div>\n","protected":false},"excerpt":{"rendered":"<p>A Editora Planeta tem sido uma verdadeira fonte de alegria para os f\u00e3s de Avatar: A Lenda de Aang no Brasil. Ap\u00f3s o lan\u00e7amento de \u201cAvatar \u2013 O \u00daltimo Mestre do Ar: A Procura\u201c, \u201cAs Aventuras Perdidas\u201d e \u201cHist\u00f3rias do Time Avatar\u201c, com obras do universo criado por Michael Dante DiMartino e Bryan Konietzko, a &hellip;<\/p>\n","protected":false},"author":1,"featured_media":15548,"comment_status":"open","ping_status":"open","sticky":false,"template":"","format":"standard","meta":{"_bbp_topic_count":0,"_bbp_reply_count":0,"_bbp_total_topic_count":0,"_bbp_total_reply_count":0,"_bbp_voice_count":0,"_bbp_anonymous_reply_count":0,"_bbp_topic_count_hidden":0,"_bbp_reply_count_hidden":0,"_bbp_forum_subforum_count":0,"om_disable_all_campaigns":false,"_monsterinsights_skip_tracking":false,"_monsterinsights_sitenote_active":false,"_monsterinsights_sitenote_note":"","_monsterinsights_sitenote_category":0,"_shortscore_rating":"","_shortscore_game":"","_shortscore_summary":"","footnotes":""},"categories":[92],"tags":[5243,5244,4997,157,2083,139,5245,1694,2316,1260],"coauthors":[393],"class_list":["post-15547","post","type-post","status-publish","format-standard","has-post-thumbnail","hentry","category-geek","tag-a-lenda-de-aang","tag-a-lenda-de-korra","tag-aang","tag-avatar","tag-avatar-o-ultimo-mestre-do-ar","tag-brasil","tag-editora-planeta","tag-historia","tag-inedita","tag-lenda"],"aioseo_notices":[],"_links":{"self":[{"href":"https:\/\/obewise.com.br\/index.php\/wp-json\/wp\/v2\/posts\/15547","targetHints":{"allow":["GET"]}}],"collection":[{"href":"https:\/\/obewise.com.br\/index.php\/wp-json\/wp\/v2\/posts"}],"about":[{"href":"https:\/\/obewise.com.br\/index.php\/wp-json\/wp\/v2\/types\/post"}],"author":[{"embeddable":true,"href":"https:\/\/obewise.com.br\/index.php\/wp-json\/wp\/v2\/users\/1"}],"replies":[{"embeddable":true,"href":"https:\/\/obewise.com.br\/index.php\/wp-json\/wp\/v2\/comments?post=15547"}],"version-history":[{"count":0,"href":"https:\/\/obewise.com.br\/index.php\/wp-json\/wp\/v2\/posts\/15547\/revisions"}],"wp:featuredmedia":[{"embeddable":true,"href":"https:\/\/obewise.com.br\/index.php\/wp-json\/wp\/v2\/media\/15548"}],"wp:attachment":[{"href":"https:\/\/obewise.com.br\/index.php\/wp-json\/wp\/v2\/media?parent=15547"}],"wp:term":[{"taxonomy":"category","embeddable":true,"href":"https:\/\/obewise.com.br\/index.php\/wp-json\/wp\/v2\/categories?post=15547"},{"taxonomy":"post_tag","embeddable":true,"href":"https:\/\/obewise.com.br\/index.php\/wp-json\/wp\/v2\/tags?post=15547"},{"taxonomy":"author","embeddable":true,"href":"https:\/\/obewise.com.br\/index.php\/wp-json\/wp\/v2\/coauthors?post=15547"}],"curies":[{"name":"wp","href":"https:\/\/api.w.org\/{rel}","templated":true}]}}