{"id":15604,"date":"2025-02-13T11:39:18","date_gmt":"2025-02-13T11:39:18","guid":{"rendered":"https:\/\/obewise.com.br\/index.php\/2025\/02\/13\/arte-conceitual-de-avatar-fogo-e-cinzas-revela-vila-sombria\/"},"modified":"2025-02-13T11:39:18","modified_gmt":"2025-02-13T11:39:18","slug":"arte-conceitual-de-avatar-fogo-e-cinzas-revela-vila-sombria","status":"publish","type":"post","link":"https:\/\/obewise.com.br\/index.php\/2025\/02\/13\/arte-conceitual-de-avatar-fogo-e-cinzas-revela-vila-sombria\/","title":{"rendered":"Arte conceitual de AVATAR: FOGO E CINZAS revela vila sombria"},"content":{"rendered":"<p><\/p>\n<div>\n<p>Novas imagens de\u00a0Avatar: Fogo e Cinzas, de James Cameron, mostram a Vila das Cinzas, lar do Cl\u00e3 Mangkwan. Diferente de Pandora, que \u00e9 cheia de cores e vida, essa vila \u00e9 escura e sem cor.<\/p>\n<p>Dylan Cole, designer de produ\u00e7\u00e3o, explicou que o Cl\u00e3 das Cinzas passou por um desastre natural que mudou sua cultura.<\/p>\n<p>No centro da vila, h\u00e1 uma \u00e1rvore gigante que foi queimada e agora est\u00e1 em ru\u00ednas.<\/p>\n<p>Cole disse: \u201cEles viviam de um jeito parecido com os Omatikaya de\u00a0Avatar 1, mas o desastre os transformou.\u201d<\/p>\n<p>James Cameron j\u00e1 havia falado que o Povo das Cinzas representa o lado sombrio dos Na\u2019vi.<\/p>\n<p>Ele se inspirou na raiva e no \u00f3dio que vemos no mundo real.<\/p>\n<p>Essa tribo foi destru\u00edda por vulc\u00f5es e agora odeia a natureza, ao contr\u00e1rio dos Na\u2019vi da floresta, que a protegem.<\/p>\n<p>Cameron tamb\u00e9m adiantou que\u00a0Avatar 3\u00a0ser\u00e1 mais intenso que o segundo filme, com novos desafios para os personagens que j\u00e1 conhecemos.<\/p>\n<p>Al\u00e9m disso, o filme ser\u00e1 narrado por Lo\u2019ak, filho de Jake, que se tornou um personagem querido pelo p\u00fablico.<\/p>\n<p>O diretor ainda explicou que\u00a0Avatar 3\u00a0vai mostrar os Na\u2019vi de um jeito diferente. Nos primeiros filmes, os humanos eram os vil\u00f5es e os Na\u2019vi, os her\u00f3is.<\/p>\n<p>Agora, o Povo das Cinzas mostrar\u00e1 um lado mais sombrio dos Na\u2019vi.<\/p>\n<p>O elenco inclui Zoe Saldana, Sam Worthington, Sigourney Weaver e outros nomes famosos.\u00a0Avatar: Fogo e Cinzas\u00a0chega aos cinemas em 25 de dezembro de 2025.<\/p>\n<p>Veja mais sobre cinema!<\/p>\n<p><h3 class=\"jp-relatedposts-headline\"><em>Relacionado<\/em><\/h3>\n<\/p>\n<p><!-- CONTENT END 1 --><\/p><\/div>\n","protected":false},"excerpt":{"rendered":"<p>Novas imagens de\u00a0Avatar: Fogo e Cinzas, de James Cameron, mostram a Vila das Cinzas, lar do Cl\u00e3 Mangkwan. Diferente de Pandora, que \u00e9 cheia de cores e vida, essa vila \u00e9 escura e sem cor. Dylan Cole, designer de produ\u00e7\u00e3o, explicou que o Cl\u00e3 das Cinzas passou por um desastre natural que mudou sua cultura. &hellip;<\/p>\n","protected":false},"author":1,"featured_media":15605,"comment_status":"open","ping_status":"open","sticky":false,"template":"","format":"standard","meta":{"_bbp_topic_count":0,"_bbp_reply_count":0,"_bbp_total_topic_count":0,"_bbp_total_reply_count":0,"_bbp_voice_count":0,"_bbp_anonymous_reply_count":0,"_bbp_topic_count_hidden":0,"_bbp_reply_count_hidden":0,"_bbp_forum_subforum_count":0,"om_disable_all_campaigns":false,"_monsterinsights_skip_tracking":false,"_monsterinsights_sitenote_active":false,"_monsterinsights_sitenote_note":"","_monsterinsights_sitenote_category":0,"_shortscore_rating":"","_shortscore_game":"","_shortscore_summary":"","footnotes":""},"categories":[92],"tags":[868,157,753,869,752,720,4238,2334],"coauthors":[393],"class_list":["post-15604","post","type-post","status-publish","format-standard","has-post-thumbnail","hentry","category-geek","tag-arte","tag-avatar","tag-cinzas","tag-conceitual","tag-fogo","tag-revela","tag-sombria","tag-vila"],"aioseo_notices":[],"_links":{"self":[{"href":"https:\/\/obewise.com.br\/index.php\/wp-json\/wp\/v2\/posts\/15604","targetHints":{"allow":["GET"]}}],"collection":[{"href":"https:\/\/obewise.com.br\/index.php\/wp-json\/wp\/v2\/posts"}],"about":[{"href":"https:\/\/obewise.com.br\/index.php\/wp-json\/wp\/v2\/types\/post"}],"author":[{"embeddable":true,"href":"https:\/\/obewise.com.br\/index.php\/wp-json\/wp\/v2\/users\/1"}],"replies":[{"embeddable":true,"href":"https:\/\/obewise.com.br\/index.php\/wp-json\/wp\/v2\/comments?post=15604"}],"version-history":[{"count":0,"href":"https:\/\/obewise.com.br\/index.php\/wp-json\/wp\/v2\/posts\/15604\/revisions"}],"wp:featuredmedia":[{"embeddable":true,"href":"https:\/\/obewise.com.br\/index.php\/wp-json\/wp\/v2\/media\/15605"}],"wp:attachment":[{"href":"https:\/\/obewise.com.br\/index.php\/wp-json\/wp\/v2\/media?parent=15604"}],"wp:term":[{"taxonomy":"category","embeddable":true,"href":"https:\/\/obewise.com.br\/index.php\/wp-json\/wp\/v2\/categories?post=15604"},{"taxonomy":"post_tag","embeddable":true,"href":"https:\/\/obewise.com.br\/index.php\/wp-json\/wp\/v2\/tags?post=15604"},{"taxonomy":"author","embeddable":true,"href":"https:\/\/obewise.com.br\/index.php\/wp-json\/wp\/v2\/coauthors?post=15604"}],"curies":[{"name":"wp","href":"https:\/\/api.w.org\/{rel}","templated":true}]}}