{"id":18208,"date":"2025-06-30T11:37:58","date_gmt":"2025-06-30T11:37:58","guid":{"rendered":"https:\/\/obewise.com.br\/index.php\/2025\/06\/30\/microsoft-aposenta-a-iconica-tela-azul-da-morte-e-a-substitui-por-versao-preta-apos-40-anos\/"},"modified":"2025-06-30T11:37:58","modified_gmt":"2025-06-30T11:37:58","slug":"microsoft-aposenta-a-iconica-tela-azul-da-morte-e-a-substitui-por-versao-preta-apos-40-anos","status":"publish","type":"post","link":"https:\/\/obewise.com.br\/index.php\/2025\/06\/30\/microsoft-aposenta-a-iconica-tela-azul-da-morte-e-a-substitui-por-versao-preta-apos-40-anos\/","title":{"rendered":"Microsoft aposenta a ic\u00f4nica \u2018Tela Azul da Morte\u2019 e a substitui por vers\u00e3o preta ap\u00f3s 40 anos"},"content":{"rendered":"<p><\/p>\n<div>\n<p>A famosa (e temida) \u201cTela Azul da Morte\u201d, que durante d\u00e9cadas simbolizou falhas cr\u00edticas no Windows, est\u00e1 oficialmente sendo aposentada. Em seu lugar, a Microsoft est\u00e1 introduzindo uma nova vers\u00e3o com fundo preto, marcando uma mudan\u00e7a visual importante a partir da atualiza\u00e7\u00e3o Windows 11 24H2, prevista para o meio deste ano.<\/p>\n<p>A nova tela de erro mant\u00e9m os elementos essenciais, como o c\u00f3digo de parada e diagn\u00f3sticos do sistema, mas deixa de lado o emoji de carinha triste e o QR code que acompanhavam as vers\u00f5es mais recentes. Em vez disso, o usu\u00e1rio ver\u00e1 uma interface mais s\u00f3bria e direta, que explica o problema de forma clara e exibe o progresso da recupera\u00e7\u00e3o.<\/p>\n<p>Segundo a Microsoft, a mudan\u00e7a tem como objetivo alinhar o visual da tela com o design geral do Windows 11 e tornar as falhas menos assustadoras, favorecendo uma abordagem mais t\u00e9cnica e objetiva tanto para usu\u00e1rios quanto para profissionais de TI. A ideia \u00e9 trocar o p\u00e2nico por uma sensa\u00e7\u00e3o de controle e resolu\u00e7\u00e3o.<\/p>\n<figure class=\"wp-block-image size-full\"><img loading=\"lazy\" decoding=\"async\" width=\"985\" height=\"555\" src=\"https:\/\/nerdizmo.ig.com.br\/wp-content\/uploads\/2025\/06\/image-127.png\" alt=\"\" class=\"wp-image-128708\" srcset=\"https:\/\/nerdizmo.ig.com.br\/wp-content\/uploads\/2025\/06\/image-127.png 985w, https:\/\/nerdizmo.ig.com.br\/wp-content\/uploads\/2025\/06\/image-127-768x433.png 768w\" sizes=\"auto, (max-width: 985px) 100vw, 985px\"\/><\/figure>\n<p>Essa reformula\u00e7\u00e3o faz parte de um pacote de melhorias chamado <em>Windows Resiliency Initiative<\/em>, que surgiu ap\u00f3s o apag\u00e3o global de 2024, causado por um driver de seguran\u00e7a defeituoso da CrowdStrike. Embora o problema n\u00e3o tenha sido culpa direta da Microsoft, ele revelou o quanto softwares de terceiros ainda t\u00eam acesso profundo ao sistema. Desde ent\u00e3o, a empresa come\u00e7ou a exigir que antiv\u00edrus e ferramentas de seguran\u00e7a funcionem fora do n\u00facleo do Windows, como forma de reduzir riscos futuros.<\/p>\n<p>Outro destaque da iniciativa \u00e9 o <em>Quick Machine Recovery<\/em>, uma funcionalidade que promete reiniciar m\u00e1quinas afetadas por falhas graves em apenas dois segundos, sem necessidade de vasculhar arquivos de erro ou passar por longas reinicializa\u00e7\u00f5es. Esse recurso tamb\u00e9m ser\u00e1 lan\u00e7ado com a atualiza\u00e7\u00e3o 24H2, junto com a nova tela preta.<\/p>\n<p>Apesar da mudan\u00e7a de cor, o velho apelido BSOD (Blue Screen of Death) deve continuar vivo, ainda que com um novo significado, e um visual bem mais s\u00f3brio.<\/p>\n<figure class=\"wp-block-image size-full\"><img loading=\"lazy\" decoding=\"async\" width=\"1113\" height=\"744\" src=\"https:\/\/nerdizmo.ig.com.br\/wp-content\/uploads\/2025\/06\/image-128.png\" alt=\"\" class=\"wp-image-128709\" srcset=\"https:\/\/nerdizmo.ig.com.br\/wp-content\/uploads\/2025\/06\/image-128.png 1113w, https:\/\/nerdizmo.ig.com.br\/wp-content\/uploads\/2025\/06\/image-128-768x513.png 768w, https:\/\/nerdizmo.ig.com.br\/wp-content\/uploads\/2025\/06\/image-128-270x180.png 270w, https:\/\/nerdizmo.ig.com.br\/wp-content\/uploads\/2025\/06\/image-128-770x515.png 770w\" sizes=\"auto, (max-width: 1113px) 100vw, 1113px\"\/><\/figure>\n<p>Veja mais sobre tecnologia!<\/p>\n<p><h3 class=\"jp-relatedposts-headline\"><em>Relacionado<\/em><\/h3>\n<\/p>\n<p><!-- CONTENT END 1 --><\/p><\/div>\n","protected":false},"excerpt":{"rendered":"<p>A famosa (e temida) \u201cTela Azul da Morte\u201d, que durante d\u00e9cadas simbolizou falhas cr\u00edticas no Windows, est\u00e1 oficialmente sendo aposentada. Em seu lugar, a Microsoft est\u00e1 introduzindo uma nova vers\u00e3o com fundo preto, marcando uma mudan\u00e7a visual importante a partir da atualiza\u00e7\u00e3o Windows 11 24H2, prevista para o meio deste ano. A nova tela de &hellip;<\/p>\n","protected":false},"author":1,"featured_media":18209,"comment_status":"open","ping_status":"open","sticky":false,"template":"","format":"standard","meta":{"_bbp_topic_count":0,"_bbp_reply_count":0,"_bbp_total_topic_count":0,"_bbp_total_reply_count":0,"_bbp_voice_count":0,"_bbp_anonymous_reply_count":0,"_bbp_topic_count_hidden":0,"_bbp_reply_count_hidden":0,"_bbp_forum_subforum_count":0,"om_disable_all_campaigns":false,"_monsterinsights_skip_tracking":false,"_monsterinsights_sitenote_active":false,"_monsterinsights_sitenote_note":"","_monsterinsights_sitenote_category":0,"_shortscore_rating":"","_shortscore_game":"","_shortscore_summary":"","footnotes":""},"categories":[92],"tags":[887,1664,2623,3868,3132,108,1721,711,7569,7568,1585,1981,125],"coauthors":[393],"class_list":["post-18208","post","type-post","status-publish","format-standard","has-post-thumbnail","hentry","category-geek","tag-anos","tag-apos","tag-aposenta","tag-azul","tag-iconica","tag-microsoft","tag-morte","tag-por","tag-preta","tag-substitui","tag-tela","tag-versao","tag-windows"],"aioseo_notices":[],"_links":{"self":[{"href":"https:\/\/obewise.com.br\/index.php\/wp-json\/wp\/v2\/posts\/18208","targetHints":{"allow":["GET"]}}],"collection":[{"href":"https:\/\/obewise.com.br\/index.php\/wp-json\/wp\/v2\/posts"}],"about":[{"href":"https:\/\/obewise.com.br\/index.php\/wp-json\/wp\/v2\/types\/post"}],"author":[{"embeddable":true,"href":"https:\/\/obewise.com.br\/index.php\/wp-json\/wp\/v2\/users\/1"}],"replies":[{"embeddable":true,"href":"https:\/\/obewise.com.br\/index.php\/wp-json\/wp\/v2\/comments?post=18208"}],"version-history":[{"count":0,"href":"https:\/\/obewise.com.br\/index.php\/wp-json\/wp\/v2\/posts\/18208\/revisions"}],"wp:featuredmedia":[{"embeddable":true,"href":"https:\/\/obewise.com.br\/index.php\/wp-json\/wp\/v2\/media\/18209"}],"wp:attachment":[{"href":"https:\/\/obewise.com.br\/index.php\/wp-json\/wp\/v2\/media?parent=18208"}],"wp:term":[{"taxonomy":"category","embeddable":true,"href":"https:\/\/obewise.com.br\/index.php\/wp-json\/wp\/v2\/categories?post=18208"},{"taxonomy":"post_tag","embeddable":true,"href":"https:\/\/obewise.com.br\/index.php\/wp-json\/wp\/v2\/tags?post=18208"},{"taxonomy":"author","embeddable":true,"href":"https:\/\/obewise.com.br\/index.php\/wp-json\/wp\/v2\/coauthors?post=18208"}],"curies":[{"name":"wp","href":"https:\/\/api.w.org\/{rel}","templated":true}]}}