{"id":18910,"date":"2025-08-14T18:22:04","date_gmt":"2025-08-14T18:22:04","guid":{"rendered":"https:\/\/obewise.com.br\/index.php\/2025\/08\/14\/fallout-2a-temporada-tem-poster-oficial-e-sera-destaque-na-opening-night-live\/"},"modified":"2025-08-14T18:22:04","modified_gmt":"2025-08-14T18:22:04","slug":"fallout-2a-temporada-tem-poster-oficial-e-sera-destaque-na-opening-night-live","status":"publish","type":"post","link":"https:\/\/obewise.com.br\/index.php\/2025\/08\/14\/fallout-2a-temporada-tem-poster-oficial-e-sera-destaque-na-opening-night-live\/","title":{"rendered":"Fallout 2\u00aa temporada tem p\u00f4ster oficial e ser\u00e1 destaque na Opening Night Live"},"content":{"rendered":"<p><\/p>\n<div>\n<p><img decoding=\"async\" loading=\"lazy\" class=\"aligncenter size-full wp-image-61232\" src=\"https:\/\/windowsclub.com.br\/wp-content\/uploads\/2020\/10\/fallout-76.jpg\" alt=\"\" width=\"941\" height=\"524\" srcset=\"https:\/\/windowsclub.com.br\/wp-content\/uploads\/2020\/10\/fallout-76.jpg 941w, https:\/\/windowsclub.com.br\/wp-content\/uploads\/2020\/10\/fallout-76-300x167.jpg 300w, https:\/\/windowsclub.com.br\/wp-content\/uploads\/2020\/10\/fallout-76-768x428.jpg 768w, https:\/\/windowsclub.com.br\/wp-content\/uploads\/2020\/10\/fallout-76-200x111.jpg 200w, https:\/\/windowsclub.com.br\/wp-content\/uploads\/2020\/10\/fallout-76-690x384.jpg 690w\" sizes=\"auto, (max-width: 941px) 100vw, 941px\"\/><\/p>\n<p style=\"text-align: justify;\">A Amazon <strong>lan\u00e7ou o p\u00f4ster oficial da 2\u00aa temporada de Fallout<\/strong>, anunciando simultaneamente que a s\u00e9rie de TV estar\u00e1 presente na Opening Night Live da Gamescom 2025 , provavelmente para estrear o primeiro trailer.<\/p>\n<p style=\"text-align: justify;\">O p\u00f4ster apresenta os tr\u00eas protagonistas da s\u00e9rie: Lucy, de Ella Purnell, Ghoul, de Walton Goggins, e Maximus, de Aaron Moten, junto com seu cachorro Dogmeat e uma placa bastante eloquente atr\u00e1s deles, dando boas-vindas aos visitantes de New Vegas.<\/p>\n<p style=\"text-align: justify;\">Chegando em <strong>dezembro<\/strong>, a segunda temporada de Fallout continuar\u00e1 a hist\u00f3ria exatamente de onde paramos, com os tr\u00eas personagens principais evidentemente entrando em uma nova fase de suas vidas e finalmente dispostos a trabalhar juntos.<\/p>\n<p style=\"text-align: justify;\">Enquanto isso, Wolfenstein tem sido comentada como a pr\u00f3xima poss\u00edvel s\u00e9rie de televis\u00e3o produzida pela Amazon, tamb\u00e9m baseada em uma famosa propriedade intelectual da Bethesda e com o mesmo produtor que contribuiu para o sucesso de Fallout.<\/p>\n<p style=\"text-align: justify;\">Como sabemos, o enorme sucesso da s\u00e9rie de televis\u00e3o Fallout teve um impacto substancial nas vendas dos jogos da saga, que repentinamente retornaram ao topo das paradas e tamb\u00e9m receberam grandes atualiza\u00e7\u00f5es para marcar a ocasi\u00e3o.<\/p>\n<blockquote class=\"twitter-tweet\">\n<p dir=\"ltr\" lang=\"en\">Time for a little road trip. Season Two is coming but first: a quick pit stop <a href=\"https:\/\/twitter.com\/gamescom?ref_src=twsrc%5Etfw\">@gamescom<\/a> <a href=\"https:\/\/twitter.com\/hashtag\/OpeningNightLive?src=hash&amp;ref_src=twsrc%5Etfw\">#OpeningNightLive<\/a> on Tuesday. Bring a Stimpak. <a href=\"https:\/\/t.co\/wCIUUyP8Bh\">pic.twitter.com\/wCIUUyP8Bh<\/a><\/p>\n<p>\u2014 FALLOUT\u26a1\ufe0f (@falloutonprime) <a href=\"https:\/\/twitter.com\/falloutonprime\/status\/1956030598142886387?ref_src=twsrc%5Etfw\">August 14, 2025<\/a><\/p>\n<\/blockquote>\n<p style=\"text-align: justify;\">Estamos, portanto, curiosos para ver se a segunda temporada da s\u00e9rie conseguir\u00e1 fazer um bis e envolver um n\u00famero ainda maior de espectadores, levando a Bethesda a acelerar o desenvolvimento de novos jogos da franquia para monetizar esse relan\u00e7amento emocionante.<\/p>\n<p><!-- CONTENT END 2 -->\n\t<\/div>\n<p><script async src=\"\/\/platform.twitter.com\/widgets.js\" charset=\"utf-8\"><\/script><\/p>\n","protected":false},"excerpt":{"rendered":"<p>A Amazon lan\u00e7ou o p\u00f4ster oficial da 2\u00aa temporada de Fallout, anunciando simultaneamente que a s\u00e9rie de TV estar\u00e1 presente na Opening Night Live da Gamescom 2025 , provavelmente para estrear o primeiro trailer. O p\u00f4ster apresenta os tr\u00eas protagonistas da s\u00e9rie: Lucy, de Ella Purnell, Ghoul, de Walton Goggins, e Maximus, de Aaron Moten, &hellip;<\/p>\n","protected":false},"author":1,"featured_media":13028,"comment_status":"open","ping_status":"open","sticky":false,"template":"","format":"standard","meta":{"_bbp_topic_count":0,"_bbp_reply_count":0,"_bbp_total_topic_count":0,"_bbp_total_reply_count":0,"_bbp_voice_count":0,"_bbp_anonymous_reply_count":0,"_bbp_topic_count_hidden":0,"_bbp_reply_count_hidden":0,"_bbp_forum_subforum_count":0,"om_disable_all_campaigns":false,"_monsterinsights_skip_tracking":false,"_monsterinsights_sitenote_active":false,"_monsterinsights_sitenote_note":"","_monsterinsights_sitenote_category":0,"_shortscore_rating":"","_shortscore_game":"","_shortscore_summary":"","footnotes":""},"categories":[86],"tags":[],"coauthors":[393],"class_list":["post-18910","post","type-post","status-publish","format-standard","has-post-thumbnail","hentry","category-xbox"],"aioseo_notices":[],"_links":{"self":[{"href":"https:\/\/obewise.com.br\/index.php\/wp-json\/wp\/v2\/posts\/18910","targetHints":{"allow":["GET"]}}],"collection":[{"href":"https:\/\/obewise.com.br\/index.php\/wp-json\/wp\/v2\/posts"}],"about":[{"href":"https:\/\/obewise.com.br\/index.php\/wp-json\/wp\/v2\/types\/post"}],"author":[{"embeddable":true,"href":"https:\/\/obewise.com.br\/index.php\/wp-json\/wp\/v2\/users\/1"}],"replies":[{"embeddable":true,"href":"https:\/\/obewise.com.br\/index.php\/wp-json\/wp\/v2\/comments?post=18910"}],"version-history":[{"count":0,"href":"https:\/\/obewise.com.br\/index.php\/wp-json\/wp\/v2\/posts\/18910\/revisions"}],"wp:featuredmedia":[{"embeddable":true,"href":"https:\/\/obewise.com.br\/index.php\/wp-json\/wp\/v2\/media\/13028"}],"wp:attachment":[{"href":"https:\/\/obewise.com.br\/index.php\/wp-json\/wp\/v2\/media?parent=18910"}],"wp:term":[{"taxonomy":"category","embeddable":true,"href":"https:\/\/obewise.com.br\/index.php\/wp-json\/wp\/v2\/categories?post=18910"},{"taxonomy":"post_tag","embeddable":true,"href":"https:\/\/obewise.com.br\/index.php\/wp-json\/wp\/v2\/tags?post=18910"},{"taxonomy":"author","embeddable":true,"href":"https:\/\/obewise.com.br\/index.php\/wp-json\/wp\/v2\/coauthors?post=18910"}],"curies":[{"name":"wp","href":"https:\/\/api.w.org\/{rel}","templated":true}]}}