{"id":18960,"date":"2025-08-20T19:46:00","date_gmt":"2025-08-20T19:46:00","guid":{"rendered":"https:\/\/obewise.com.br\/index.php\/2025\/08\/20\/microsoft-explica-por-que-o-preco-e-as-pre-vendas-do-rog-xbox-ally-ainda-nao-foram-anunciados\/"},"modified":"2025-08-20T19:46:00","modified_gmt":"2025-08-20T19:46:00","slug":"microsoft-explica-por-que-o-preco-e-as-pre-vendas-do-rog-xbox-ally-ainda-nao-foram-anunciados","status":"publish","type":"post","link":"https:\/\/obewise.com.br\/index.php\/2025\/08\/20\/microsoft-explica-por-que-o-preco-e-as-pre-vendas-do-rog-xbox-ally-ainda-nao-foram-anunciados\/","title":{"rendered":"Microsoft explica por que o pre\u00e7o e as pr\u00e9-vendas do ROG Xbox Ally ainda n\u00e3o foram anunciados"},"content":{"rendered":"<p><\/p>\n<div id=\"post-111173\">\n<p>\t<!-- .entry-header --><\/p>\n<div class=\"entry-content\">\n<p><img decoding=\"async\" loading=\"lazy\" class=\"aligncenter size-full wp-image-109893\" src=\"https:\/\/windowsclub.com.br\/wp-content\/uploads\/2025\/06\/asus-rog.jpg\" alt=\"\" width=\"913\" height=\"502\" srcset=\"https:\/\/windowsclub.com.br\/wp-content\/uploads\/2025\/06\/asus-rog.jpg 913w, https:\/\/windowsclub.com.br\/wp-content\/uploads\/2025\/06\/asus-rog-300x165.jpg 300w, https:\/\/windowsclub.com.br\/wp-content\/uploads\/2025\/06\/asus-rog-768x422.jpg 768w, https:\/\/windowsclub.com.br\/wp-content\/uploads\/2025\/06\/asus-rog-200x110.jpg 200w, https:\/\/windowsclub.com.br\/wp-content\/uploads\/2025\/06\/asus-rog-690x379.jpg 690w\" sizes=\"auto, (max-width: 913px) 100vw, 913px\"\/><\/p>\n<p style=\"text-align: justify;\">Hoje, a Microsoft anunciou a data oficial de lan\u00e7amento do ROG Xbox Ally (16 de outubro em grande parte do mundo), mas n\u00e3o mencionou nada sobre pre\u00e7o ou pr\u00e9-vendas, afirmando que mais informa\u00e7\u00f5es sobre eles seriam reveladas nas pr\u00f3ximas semanas.<\/p>\n<p style=\"text-align: justify;\">Por qu\u00ea? Bem, falando com a IGN hoje, o executivo do Xbox, Jason Ronald, explicou que<strong> \u00e9 dif\u00edcil \u201cencontrar o equil\u00edbrio certo entre acessibilidade e pre\u00e7o\u201d<\/strong> em um<strong> clima macroecon\u00f4mico \u201cdesafiador\u201d<\/strong> e, portanto, <strong>a equipe precisa de mais tempo<\/strong>.<\/p>\n<blockquote>\n<p style=\"text-align: justify;\">\u201cIsso \u00e9 sempre um <strong>desafio<\/strong>\u2026 e voc\u00ea sempre tenta encontrar o equil\u00edbrio certo entre acessibilidade e pre\u00e7o, especialmente em um formato m\u00f3vel que tamb\u00e9m agrega aspectos como a dura\u00e7\u00e3o da bateria. E, como voc\u00ea disse, o clima macroecon\u00f4mico \u00e9 desafiador.\u201d<\/p>\n<p style=\"text-align: justify;\">\u201cAcho que teremos que\u2026 precisamos de mais tempo para calcular o impacto macroecon\u00f4mico nos pre\u00e7os, e \u00e9 por isso que compartilharemos mais tarde, em setembro e outubro.\u201d<\/p>\n<\/blockquote>\n<p style=\"text-align: justify;\">Ser\u00e1 que eles v\u00e3o revelar pr\u00f3ximas semanas? \u00c9 o que ainda n\u00e3o sabemos, e esperamos n\u00e3o ter que esperar muito para descobrir mais \u2013 afinal, essa novidade ser\u00e1 lan\u00e7ada em menos de 60 dias!<\/p>\n<p>\u00a0<\/p>\n<p style=\"text-align: right;\"><a href=\"https:\/\/www.ign.com\/articles\/microsoft-still-cant-say-how-much-the-rog-xbox-ally-x-will-cost-due-to-macro-economic-conditions-despite-announcing-release-date-and-availability-details\" target=\"_blank\" rel=\"noopener\">Fonte<\/a><\/p>\n<p><!-- CONTENT END 2 -->\n\t<\/div>\n<p><!-- .entry-content --><\/p>\n<p>\t<!-- .entry-footer -->\n<\/div>\n","protected":false},"excerpt":{"rendered":"<p>Hoje, a Microsoft anunciou a data oficial de lan\u00e7amento do ROG Xbox Ally (16 de outubro em grande parte do mundo), mas n\u00e3o mencionou nada sobre pre\u00e7o ou pr\u00e9-vendas, afirmando que mais informa\u00e7\u00f5es sobre eles seriam reveladas nas pr\u00f3ximas semanas. Por qu\u00ea? Bem, falando com a IGN hoje, o executivo do Xbox, Jason Ronald, explicou &hellip;<\/p>\n","protected":false},"author":1,"featured_media":17810,"comment_status":"open","ping_status":"open","sticky":false,"template":"","format":"standard","meta":{"_bbp_topic_count":0,"_bbp_reply_count":0,"_bbp_total_topic_count":0,"_bbp_total_reply_count":0,"_bbp_voice_count":0,"_bbp_anonymous_reply_count":0,"_bbp_topic_count_hidden":0,"_bbp_reply_count_hidden":0,"_bbp_forum_subforum_count":0,"om_disable_all_campaigns":false,"_monsterinsights_skip_tracking":false,"_monsterinsights_sitenote_active":false,"_monsterinsights_sitenote_note":"","_monsterinsights_sitenote_category":0,"_shortscore_rating":"","_shortscore_game":"","_shortscore_summary":"","footnotes":""},"categories":[86],"tags":[],"coauthors":[393],"class_list":["post-18960","post","type-post","status-publish","format-standard","has-post-thumbnail","hentry","category-xbox"],"aioseo_notices":[],"_links":{"self":[{"href":"https:\/\/obewise.com.br\/index.php\/wp-json\/wp\/v2\/posts\/18960","targetHints":{"allow":["GET"]}}],"collection":[{"href":"https:\/\/obewise.com.br\/index.php\/wp-json\/wp\/v2\/posts"}],"about":[{"href":"https:\/\/obewise.com.br\/index.php\/wp-json\/wp\/v2\/types\/post"}],"author":[{"embeddable":true,"href":"https:\/\/obewise.com.br\/index.php\/wp-json\/wp\/v2\/users\/1"}],"replies":[{"embeddable":true,"href":"https:\/\/obewise.com.br\/index.php\/wp-json\/wp\/v2\/comments?post=18960"}],"version-history":[{"count":0,"href":"https:\/\/obewise.com.br\/index.php\/wp-json\/wp\/v2\/posts\/18960\/revisions"}],"wp:featuredmedia":[{"embeddable":true,"href":"https:\/\/obewise.com.br\/index.php\/wp-json\/wp\/v2\/media\/17810"}],"wp:attachment":[{"href":"https:\/\/obewise.com.br\/index.php\/wp-json\/wp\/v2\/media?parent=18960"}],"wp:term":[{"taxonomy":"category","embeddable":true,"href":"https:\/\/obewise.com.br\/index.php\/wp-json\/wp\/v2\/categories?post=18960"},{"taxonomy":"post_tag","embeddable":true,"href":"https:\/\/obewise.com.br\/index.php\/wp-json\/wp\/v2\/tags?post=18960"},{"taxonomy":"author","embeddable":true,"href":"https:\/\/obewise.com.br\/index.php\/wp-json\/wp\/v2\/coauthors?post=18960"}],"curies":[{"name":"wp","href":"https:\/\/api.w.org\/{rel}","templated":true}]}}