{"id":19170,"date":"2025-10-01T14:39:47","date_gmt":"2025-10-01T14:39:47","guid":{"rendered":"https:\/\/obewise.com.br\/index.php\/2025\/10\/01\/alerta-geracional-por-que-os-jovens-estao-tendo-cada-vez-mais-problemas-de-memoria-e-concentracao\/"},"modified":"2025-10-01T14:39:47","modified_gmt":"2025-10-01T14:39:47","slug":"alerta-geracional-por-que-os-jovens-estao-tendo-cada-vez-mais-problemas-de-memoria-e-concentracao","status":"publish","type":"post","link":"https:\/\/obewise.com.br\/index.php\/2025\/10\/01\/alerta-geracional-por-que-os-jovens-estao-tendo-cada-vez-mais-problemas-de-memoria-e-concentracao\/","title":{"rendered":"Alerta Geracional: Por que os jovens est\u00e3o tendo cada vez mais problemas de mem\u00f3ria e concentra\u00e7\u00e3o?"},"content":{"rendered":"<p><\/p>\n<div>\n<p>Se voc\u00ea tem a sensa\u00e7\u00e3o de que n\u00e3o consegue se concentrar como antes ou vive esquecendo as coisas, saiba que essa experi\u00eancia \u00e9 compartilhada por uma parcela crescente da popula\u00e7\u00e3o jovem. Um estudo recente e abrangente, <a href=\"https:\/\/www.neurology.org\/doi\/10.1212\/WNL.0000000000214226\">publicado<\/a> na renomada revista Neurology, revela um salto preocupante em queixas cognitivas, como problemas de mem\u00f3ria e concentra\u00e7\u00e3o, entre norte-americanos de 18 a 39 anos.<\/p>\n<p>A pesquisa, que analisou dados de impressionantes 4,5 milh\u00f5es de pessoas coletados em pesquisas telef\u00f4nicas ao longo de uma d\u00e9cada, mostra que o problema afeta a popula\u00e7\u00e3o de forma desigual. Enquanto o \u00edndice geral de pessoas relatando \u201cdificuldade s\u00e9ria para se concentrar, lembrar ou tomar decis\u00f5es\u201d subiu de 5,3% para 7,4%, o crescimento entre os adultos jovens foi muito mais acentuado: praticamente dobrou, saltando de 5,1% para 9,7%.<\/p>\n<p>O neurologista Adam de Havenon, principal investigador do estudo pela Escola de Medicina de Yale, enfatiza a necessidade de entender as causas por tr\u00e1s desse fen\u00f4meno, dado o potencial impacto de longo prazo na sa\u00fade das pessoas, na produtividade do trabalho e nos sistemas de sa\u00fade.<\/p>\n<p>Os dados revelaram que o aumento foi mais significativo em grupos socioeconomicamente vulner\u00e1veis. Pessoas com renda anual inferior a 35 mil d\u00f3lares e aquelas sem diploma do ensino m\u00e9dio registraram os maiores crescimentos. Em contrapartida, adultos com renda superior a 75 mil d\u00f3lares e forma\u00e7\u00e3o universit\u00e1ria tiveram um aumento menor no relato de problemas.<\/p>\n<p>Um dado que chama a aten\u00e7\u00e3o \u00e9 a compara\u00e7\u00e3o com os idosos. Justamente o grupo que se imagina ser mais suscet\u00edvel a quest\u00f5es cognitivas relacionadas \u00e0 idade, pessoas com 70 anos ou mais, reportou uma ligeira\u00a0<em>redu\u00e7\u00e3o<\/em>\u00a0nesses problemas no mesmo per\u00edodo.<\/p>\n<p>A grande pergunta que fica \u00e9: o que est\u00e1 causando essa tend\u00eancia? Os pesquisadores apontam que n\u00e3o h\u00e1 uma resposta \u00fanica. Pode ser uma combina\u00e7\u00e3o de fatores que vai desde uma maior conscientiza\u00e7\u00e3o e disposi\u00e7\u00e3o para relatar esses desafios at\u00e9 o impacto real de mudan\u00e7as em nossa sa\u00fade cerebral.<\/p>\n<p>Especialistas especulam que o estilo de vida moderno tem sua parcela de culpa. Os algoritmos viciantes de redes sociais e a exposi\u00e7\u00e3o constante \u00e0s telas, j\u00e1 ligados \u00e0 redu\u00e7\u00e3o do nosso tempo de aten\u00e7\u00e3o em outros estudos, s\u00e3o suspeitos naturais. Al\u00e9m disso, o estresse cr\u00f4nico de uma vida financeiramente prec\u00e1ria e a falta de suporte social em comunidades carentes dificultam a tomada de decis\u00f5es e sobrecarregam a mente.<\/p>\n<p>Embora seja dif\u00edcil reverter barreiras econ\u00f4micas e raciais complexas, os especialistas sugerem que uma solu\u00e7\u00e3o simples est\u00e1 ao alcance de quase todos: dar uma pausa digital. Desligar as telas e reconectar-se com o mundo offline pode ser um primeiro passo crucial para recuperar um pouco do foco e da clareza mental que parecem estar escapando pelas m\u00e3os da gera\u00e7\u00e3o mais jovem.<\/p>\n<p>Veja mais sobre ci\u00eancia.<\/p>\n<p><h3 class=\"jp-relatedposts-headline\"><em>Relacionado<\/em><\/h3>\n<\/p>\n<p><!-- CONTENT END 1 --><\/p><\/div>\n","protected":false},"excerpt":{"rendered":"<p>Se voc\u00ea tem a sensa\u00e7\u00e3o de que n\u00e3o consegue se concentrar como antes ou vive esquecendo as coisas, saiba que essa experi\u00eancia \u00e9 compartilhada por uma parcela crescente da popula\u00e7\u00e3o jovem. Um estudo recente e abrangente, publicado na renomada revista Neurology, revela um salto preocupante em queixas cognitivas, como problemas de mem\u00f3ria e concentra\u00e7\u00e3o, entre &hellip;<\/p>\n","protected":false},"author":1,"featured_media":19171,"comment_status":"open","ping_status":"open","sticky":false,"template":"","format":"standard","meta":{"_bbp_topic_count":0,"_bbp_reply_count":0,"_bbp_total_topic_count":0,"_bbp_total_reply_count":0,"_bbp_voice_count":0,"_bbp_anonymous_reply_count":0,"_bbp_topic_count_hidden":0,"_bbp_reply_count_hidden":0,"_bbp_forum_subforum_count":0,"om_disable_all_campaigns":false,"_monsterinsights_skip_tracking":false,"_monsterinsights_sitenote_active":false,"_monsterinsights_sitenote_note":"","_monsterinsights_sitenote_category":0,"_shortscore_rating":"","_shortscore_game":"","_shortscore_summary":"","footnotes":""},"categories":[92],"tags":[1782,778,8174,783,8173,3807,858,2147,711,1598,4593,4838],"coauthors":[393],"class_list":["post-19170","post","type-post","status-publish","format-standard","has-post-thumbnail","hentry","category-geek","tag-alerta","tag-cada","tag-concentracao","tag-estao","tag-geracional","tag-jovens","tag-mais","tag-memoria","tag-por","tag-problemas","tag-tendo","tag-vez"],"aioseo_notices":[],"_links":{"self":[{"href":"https:\/\/obewise.com.br\/index.php\/wp-json\/wp\/v2\/posts\/19170","targetHints":{"allow":["GET"]}}],"collection":[{"href":"https:\/\/obewise.com.br\/index.php\/wp-json\/wp\/v2\/posts"}],"about":[{"href":"https:\/\/obewise.com.br\/index.php\/wp-json\/wp\/v2\/types\/post"}],"author":[{"embeddable":true,"href":"https:\/\/obewise.com.br\/index.php\/wp-json\/wp\/v2\/users\/1"}],"replies":[{"embeddable":true,"href":"https:\/\/obewise.com.br\/index.php\/wp-json\/wp\/v2\/comments?post=19170"}],"version-history":[{"count":0,"href":"https:\/\/obewise.com.br\/index.php\/wp-json\/wp\/v2\/posts\/19170\/revisions"}],"wp:featuredmedia":[{"embeddable":true,"href":"https:\/\/obewise.com.br\/index.php\/wp-json\/wp\/v2\/media\/19171"}],"wp:attachment":[{"href":"https:\/\/obewise.com.br\/index.php\/wp-json\/wp\/v2\/media?parent=19170"}],"wp:term":[{"taxonomy":"category","embeddable":true,"href":"https:\/\/obewise.com.br\/index.php\/wp-json\/wp\/v2\/categories?post=19170"},{"taxonomy":"post_tag","embeddable":true,"href":"https:\/\/obewise.com.br\/index.php\/wp-json\/wp\/v2\/tags?post=19170"},{"taxonomy":"author","embeddable":true,"href":"https:\/\/obewise.com.br\/index.php\/wp-json\/wp\/v2\/coauthors?post=19170"}],"curies":[{"name":"wp","href":"https:\/\/api.w.org\/{rel}","templated":true}]}}