{"id":20158,"date":"2025-11-19T12:08:57","date_gmt":"2025-11-19T12:08:57","guid":{"rendered":"https:\/\/obewise.com.br\/index.php\/2025\/11\/19\/propagandas-de-natal-brasileiras-que-marcaram-geracoes-e-seguem-emocionando-ate-hoje\/"},"modified":"2025-11-19T12:08:57","modified_gmt":"2025-11-19T12:08:57","slug":"propagandas-de-natal-brasileiras-que-marcaram-geracoes-e-seguem-emocionando-ate-hoje","status":"publish","type":"post","link":"https:\/\/obewise.com.br\/index.php\/2025\/11\/19\/propagandas-de-natal-brasileiras-que-marcaram-geracoes-e-seguem-emocionando-ate-hoje\/","title":{"rendered":"Propagandas de Natal brasileiras que marcaram gera\u00e7\u00f5es e seguem emocionando at\u00e9 hoje"},"content":{"rendered":"<p><\/p>\n<div>\n<p>Com o Natal se aproximando as lojas come\u00e7ando a enfeitar vitrines e o Robert\u00e3o sendo descongelado para o especial de fim de ano, vem uma onda de nostalgia que d\u00e1 vontade de apertar o \u201creplay\u201d da mem\u00f3ria. No Brasil, essa saudade \u00e9 especialmente potente quando a gente se lembra das propagandas de natal que marcaram \u00e9poca, aquelas que faziam a fam\u00edlia inteira parar para assistir, cantarolar o jingle e sentir que \u201co Natal estava chegando de verdade\u201d. Para muitos de n\u00f3s, essas campanhas eram t\u00e3o importantes quanto os presentes.<\/p>\n<p>Um dos cl\u00e1ssicos mais emblem\u00e1ticos \u00e9, claro, o comercial da Coca-Cola com a lend\u00e1ria caravana de caminh\u00f5es iluminados. Esse an\u00fancio, que emplacou no Brasil nos anos 90, rapidamente se tornou s\u00edmbolo natalino: uma fila de ve\u00edculos vermelhos brilhando no escuro e a trilha sonora que at\u00e9 hoje resume o encanto dessa \u00e9poca do ano. A campanha da Coca-Cola \u00e9 citada em sites de hist\u00f3ria da publicidade como uma das mais marcantes.<\/p>\n<figure class=\"wp-block-embed is-type-video is-provider-youtube wp-block-embed-youtube wp-embed-aspect-16-9 wp-has-aspect-ratio\">\n<p>\n<iframe loading=\"lazy\" title=\"O Natal vem vindo\u2026 Vem vindo o Natal - Natal da Coca-Cola - 1995\" width=\"500\" height=\"281\" src=\"https:\/\/www.youtube.com\/embed\/huGPCcv-et8?feature=oembed\" frameborder=\"0\" allow=\"accelerometer; autoplay; clipboard-write; encrypted-media; gyroscope; picture-in-picture; web-share\" referrerpolicy=\"strict-origin-when-cross-origin\" allowfullscreen><\/iframe>\n<\/p>\n<\/figure>\n<p>Tamb\u00e9m fazem parte dessas lembran\u00e7as afetivas comerciais do Banco Nacional, que l\u00e1 nos anos 70 e 80 emocionavam com seu jingle cl\u00e1ssico: \u201cQuero ver voc\u00ea n\u00e3o chorar, n\u00e3o olhar para tr\u00e1s nem se arrepender do que faz\u201d, se tornou parte da trilha sonora de muitos Natais.  J\u00e1 a Varig apostava em propagandas que mostravam o esp\u00edrito viajante das festas, com corais infantis e avi\u00f5es, um retrato nost\u00e1lgico da avia\u00e7\u00e3o em plena era anal\u00f3gica.<\/p>\n<figure class=\"wp-block-embed is-type-video is-provider-youtube wp-block-embed-youtube wp-embed-aspect-16-9 wp-has-aspect-ratio\">\n<p>\n<iframe loading=\"lazy\" title=\"1987 - Comercial Natal Banco Nacional\" width=\"500\" height=\"281\" src=\"https:\/\/www.youtube.com\/embed\/Q5WaGgJzvcQ?feature=oembed\" frameborder=\"0\" allow=\"accelerometer; autoplay; clipboard-write; encrypted-media; gyroscope; picture-in-picture; web-share\" referrerpolicy=\"strict-origin-when-cross-origin\" allowfullscreen><\/iframe>\n<\/p>\n<\/figure>\n<figure class=\"wp-block-embed is-type-video is-provider-youtube wp-block-embed-youtube wp-embed-aspect-4-3 wp-has-aspect-ratio\">\n<p>\n<iframe loading=\"lazy\" title=\"Varig (Fim de Ano) - Anos 90\" width=\"500\" height=\"375\" src=\"https:\/\/www.youtube.com\/embed\/sbSbatnF3hU?feature=oembed\" frameborder=\"0\" allow=\"accelerometer; autoplay; clipboard-write; encrypted-media; gyroscope; picture-in-picture; web-share\" referrerpolicy=\"strict-origin-when-cross-origin\" allowfullscreen><\/iframe>\n<\/p>\n<\/figure>\n<p>Outro nome que sempre aparece quando falamos de Natal na TV brasileira \u00e9 a Bauducco. Seus comerciais costumavam apostar no olhar encantado das crian\u00e7as, no clima acolhedor das fam\u00edlias reunidas e, claro, no panetone que j\u00e1 virou s\u00edmbolo oficial de dezembro. Muitas dessas campanhas ficaram guardadas na mem\u00f3ria justamente por retratar aquelas pequenas cenas t\u00edpicas da \u00e9poca, como a expectativa pela ceia e a correria da casa inteira atr\u00e1s do primeiro peda\u00e7o, um ritual que se repete at\u00e9 hoje.<\/p>\n<figure class=\"wp-block-embed is-type-video is-provider-youtube wp-block-embed-youtube wp-embed-aspect-4-3 wp-has-aspect-ratio\">\n<p>\n<iframe loading=\"lazy\" title=\"Comercial Bauducco - Mini Papai Noel\" width=\"500\" height=\"375\" src=\"https:\/\/www.youtube.com\/embed\/2q3bRplY-mw?feature=oembed\" frameborder=\"0\" allow=\"accelerometer; autoplay; clipboard-write; encrypted-media; gyroscope; picture-in-picture; web-share\" referrerpolicy=\"strict-origin-when-cross-origin\" allowfullscreen><\/iframe>\n<\/p>\n<\/figure>\n<p>Mais recentemente, a Coca-Cola voltou a emocionar com seu comercial \u201cJuntos como Nunca Neste Natal\u201d, gravado em um vilarejo do agreste pernambucano. A campanha, criada em 2020, foi t\u00e3o querida que viralizou no YouTube e se tornou uma das mais vistas do Natal brasileiro. Essa vers\u00e3o refor\u00e7a valores afetivos, de partilha e uni\u00e3o, mostrando a magia simples de um Papai Noel visitando casas e deixando surpresas na madrugada.<\/p>\n<figure class=\"wp-block-embed is-type-video is-provider-youtube wp-block-embed-youtube wp-embed-aspect-16-9 wp-has-aspect-ratio\">\n<p>\n<iframe loading=\"lazy\" title=\"Coca Cola | Juntos Como Nunca Neste Natal\" width=\"500\" height=\"281\" src=\"https:\/\/www.youtube.com\/embed\/idtRMM7BWJ4?feature=oembed\" frameborder=\"0\" allow=\"accelerometer; autoplay; clipboard-write; encrypted-media; gyroscope; picture-in-picture; web-share\" referrerpolicy=\"strict-origin-when-cross-origin\" allowfullscreen><\/iframe>\n<\/p>\n<\/figure>\n<p>Para quem quer revisitar essas mem\u00f3rias, h\u00e1 compila\u00e7\u00f5es incr\u00edveis no YouTube. Um v\u00eddeo bem bacana re\u00fane comerciais antigos de marcas como Coca-Cola, Bauducco, Perdig\u00e3o, Mesbla e Banco Nacional, tudo emoldurado pela est\u00e9tica dos anos 80 e 90.<\/p>\n<figure class=\"wp-block-embed is-type-video is-provider-youtube wp-block-embed-youtube wp-embed-aspect-16-9 wp-has-aspect-ratio\">\n<p>\n<iframe loading=\"lazy\" title=\"COMERCIAIS DE NATAL QUE MARCARAM SUA INF\u00c2NCIA!\" width=\"500\" height=\"281\" src=\"https:\/\/www.youtube.com\/embed\/4T422Sc7keA?feature=oembed\" frameborder=\"0\" allow=\"accelerometer; autoplay; clipboard-write; encrypted-media; gyroscope; picture-in-picture; web-share\" referrerpolicy=\"strict-origin-when-cross-origin\" allowfullscreen><\/iframe>\n<\/p>\n<\/figure>\n<p>Tamb\u00e9m vale dar uma olhada em propagandas ainda mais antigas nos anos 60 e 70, empresas como Varig e OMO investiam em jingles e narrativas que hoje parecem sa\u00eddas de um \u00e1lbum de fotos da inf\u00e2ncia de nossos pais.<\/p>\n<figure class=\"wp-block-embed is-type-video is-provider-youtube wp-block-embed-youtube wp-embed-aspect-16-9 wp-has-aspect-ratio\">\n<p>\n<iframe loading=\"lazy\" title=\"COMERCIAIS ANTIGOS DE NATAL (1969-1975)\" width=\"500\" height=\"281\" src=\"https:\/\/www.youtube.com\/embed\/yKcIRwwzsBQ?feature=oembed\" frameborder=\"0\" allow=\"accelerometer; autoplay; clipboard-write; encrypted-media; gyroscope; picture-in-picture; web-share\" referrerpolicy=\"strict-origin-when-cross-origin\" allowfullscreen><\/iframe>\n<\/p>\n<\/figure>\n<p>Em um mundo cada vez mais digital e acelerado, rever essas pe\u00e7as publicit\u00e1rias \u00e9 como apertar pausa e voltar no tempo. Elas nos lembram de uma \u00e9poca em que o Natal era mais simples, mas pulsava com sentimento, luzes piscando e a promessa de um presente especial. Para muitos adultos de hoje, esses an\u00fancios s\u00e3o t\u00e3o preciosos quanto os enfeites de Natal, s\u00e3o c\u00e1psulas da nossa inf\u00e2ncia. Ent\u00e3o, se voc\u00ea quiser se permitir essa viagem nost\u00e1lgica, vale muito dar play e se encantar de novo. Afinal, no fim das contas, parte da magia do Natal mora exatamente nessas mem\u00f3rias que resistem ao tempo.<\/p>\n<p>Veja mais propagandas.<\/p>\n<p><h3 class=\"jp-relatedposts-headline\"><em>Relacionado<\/em><\/h3>\n<\/p>\n<p><!-- CONTENT END 1 --><\/p><\/div>\n","protected":false},"excerpt":{"rendered":"<p>Com o Natal se aproximando as lojas come\u00e7ando a enfeitar vitrines e o Robert\u00e3o sendo descongelado para o especial de fim de ano, vem uma onda de nostalgia que d\u00e1 vontade de apertar o \u201creplay\u201d da mem\u00f3ria. No Brasil, essa saudade \u00e9 especialmente potente quando a gente se lembra das propagandas de natal que marcaram &hellip;<\/p>\n","protected":false},"author":1,"featured_media":20159,"comment_status":"open","ping_status":"open","sticky":false,"template":"","format":"standard","meta":{"_bbp_topic_count":0,"_bbp_reply_count":0,"_bbp_total_topic_count":0,"_bbp_total_reply_count":0,"_bbp_voice_count":0,"_bbp_anonymous_reply_count":0,"_bbp_topic_count_hidden":0,"_bbp_reply_count_hidden":0,"_bbp_forum_subforum_count":0,"om_disable_all_campaigns":false,"_monsterinsights_skip_tracking":false,"_monsterinsights_sitenote_active":false,"_monsterinsights_sitenote_note":"","_monsterinsights_sitenote_category":0,"_shortscore_rating":"","_shortscore_game":"","_shortscore_summary":"","footnotes":""},"categories":[92],"tags":[9107,5749,8894,899,9110,9108,9112,8523,2002,8522,3630,846,4273,9109,9111],"coauthors":[393],"class_list":["post-20158","post","type-post","status-publish","format-standard","has-post-thumbnail","hentry","category-geek","tag-anos-2000","tag-anos-80","tag-anos-90","tag-ate","tag-brasileiras","tag-comerciais-brasileiros","tag-emocionando","tag-geracoes","tag-hoje","tag-marcaram","tag-natal","tag-nostalgia","tag-propagandas","tag-propagandas-de-natal","tag-seguem"],"aioseo_notices":[],"_links":{"self":[{"href":"https:\/\/obewise.com.br\/index.php\/wp-json\/wp\/v2\/posts\/20158","targetHints":{"allow":["GET"]}}],"collection":[{"href":"https:\/\/obewise.com.br\/index.php\/wp-json\/wp\/v2\/posts"}],"about":[{"href":"https:\/\/obewise.com.br\/index.php\/wp-json\/wp\/v2\/types\/post"}],"author":[{"embeddable":true,"href":"https:\/\/obewise.com.br\/index.php\/wp-json\/wp\/v2\/users\/1"}],"replies":[{"embeddable":true,"href":"https:\/\/obewise.com.br\/index.php\/wp-json\/wp\/v2\/comments?post=20158"}],"version-history":[{"count":0,"href":"https:\/\/obewise.com.br\/index.php\/wp-json\/wp\/v2\/posts\/20158\/revisions"}],"wp:featuredmedia":[{"embeddable":true,"href":"https:\/\/obewise.com.br\/index.php\/wp-json\/wp\/v2\/media\/20159"}],"wp:attachment":[{"href":"https:\/\/obewise.com.br\/index.php\/wp-json\/wp\/v2\/media?parent=20158"}],"wp:term":[{"taxonomy":"category","embeddable":true,"href":"https:\/\/obewise.com.br\/index.php\/wp-json\/wp\/v2\/categories?post=20158"},{"taxonomy":"post_tag","embeddable":true,"href":"https:\/\/obewise.com.br\/index.php\/wp-json\/wp\/v2\/tags?post=20158"},{"taxonomy":"author","embeddable":true,"href":"https:\/\/obewise.com.br\/index.php\/wp-json\/wp\/v2\/coauthors?post=20158"}],"curies":[{"name":"wp","href":"https:\/\/api.w.org\/{rel}","templated":true}]}}