{"id":20782,"date":"2026-01-23T13:35:59","date_gmt":"2026-01-23T13:35:59","guid":{"rendered":"https:\/\/obewise.com.br\/index.php\/2026\/01\/23\/ameaca-fantasma-o-medo-de-que-a-inteligencia-artificial-elimine-empregos-esteja-corroendo-a-democracia\/"},"modified":"2026-01-23T13:35:59","modified_gmt":"2026-01-23T13:35:59","slug":"ameaca-fantasma-o-medo-de-que-a-inteligencia-artificial-elimine-empregos-esteja-corroendo-a-democracia","status":"publish","type":"post","link":"https:\/\/obewise.com.br\/index.php\/2026\/01\/23\/ameaca-fantasma-o-medo-de-que-a-inteligencia-artificial-elimine-empregos-esteja-corroendo-a-democracia\/","title":{"rendered":"Amea\u00e7a fantasma? O medo de que a Intelig\u00eancia Artificial elimine empregos esteja corroendo a democracia"},"content":{"rendered":"<p><\/p>\n<div>\n<p>A discuss\u00e3o sobre o impacto da Intelig\u00eancia Artificial no mercado de trabalho costuma girar em torno de dois p\u00f3los diferentes, onde de um lado temos os otimistas que preveem um aumento de produtividade e cria\u00e7\u00e3o de novas fun\u00e7\u00f5es, e do outro os pessimistas que aguardam uma substitui\u00e7\u00e3o em massa da m\u00e3o de obra humana. Enquanto economistas e especialistas em tecnologia debatem qual cen\u00e1rio prevalecer\u00e1, um novo estudo publicado na <a href=\"https:\/\/www.pnas.org\/doi\/10.1073\/pnas.2523508123\"><em>Proceedings of the National Academy of Sciences<\/em> (PNAS)<\/a> revela que uma simples percep\u00e7\u00e3o p\u00fablica sobre o tema pode ser mais perigosa do que a realidade em si. Uma pesquisa indica que quando as pessoas acreditam que a IA vai roubar seus investimentos, a confian\u00e7a nas institui\u00e7\u00f5es democr\u00e1ticas despenca financeiramente.<\/p>\n<figure class=\"wp-block-image size-full\"><img loading=\"lazy\" decoding=\"async\" width=\"1280\" height=\"720\" src=\"https:\/\/nerdizmo.ig.com.br\/wp-content\/uploads\/2026\/01\/image-288.png\" alt=\"\" class=\"wp-image-137586\" srcset=\"https:\/\/nerdizmo.ig.com.br\/wp-content\/uploads\/2026\/01\/image-288.png 1280w, https:\/\/nerdizmo.ig.com.br\/wp-content\/uploads\/2026\/01\/image-288-768x432.png 768w\" sizes=\"auto, (max-width: 1280px) 100vw, 1280px\"\/><\/figure>\n<p>Pesquisadores analisaram dados massivos de mais de 37 mil entrevistados em 38 pa\u00edses europeus e descobriram um padr\u00e3o preocupante de pessimismo tecnol\u00f3gico. A grande maioria do p\u00fablico tende a enxergar a intelig\u00eancia artificial fundamentalmente como uma for\u00e7a de substitui\u00e7\u00e3o laboral, e n\u00e3o como uma ferramenta criadora de oportunidades. O estudo demonstra que essa vis\u00e3o n\u00e3o \u00e9 in\u00f3cua, pois, ao controlar vari\u00e1veis \u200b\u200bsociodemogr\u00e1ficas e pol\u00edticas, ficou evidente que aqueles que percebem a IA como uma amea\u00e7a aos seus postos de trabalho apresentam n\u00edveis significativamente menores de satisfa\u00e7\u00e3o com a democracia. A l\u00f3gica por tr\u00e1s dessas especifica\u00e7\u00f5es \u00e9 que a legitimidade das institui\u00e7\u00f5es democr\u00e1ticas muitas vezes relacionadas na capacidade do Estado de provar seguran\u00e7a econ\u00f4mica e estabilidade, pilares que parecem ruir diante da automa\u00e7\u00e3o desenfreada.<\/p>\n<p>Para ir al\u00e9m da simples demonstra\u00e7\u00e3o e entender se o medo da tecnologia realmente causa esse desencanto pol\u00edtico, os autores conduziram experimentos controlados com cidad\u00e3os do Reino Unido e dos Estados Unidos. Os participantes foram expostos a diferentes narrativas sobre o futuro, sendo que um grupo leu textos sobre como a IA eliminaria vagas e outro sobre como ela criaria novos mercados. O resultado foi contundente ao mostrar que a exposi\u00e7\u00e3o ao cen\u00e1rio de substitui\u00e7\u00f5es de trabalho fez com que os participantes relatassem uma eros\u00e3o imediata na confian\u00e7a democr\u00e1tica. Mais alarmante ainda foi a constata\u00e7\u00e3o de que esse medo gera apatia, pois as pessoas que se sentiram amea\u00e7adas pela tecnologia revelaram menor vontade de participar politicamente ou de se envolver na regula\u00e7\u00e3o do futuro da IA.<\/p>\n<figure class=\"wp-block-image size-full\"><img loading=\"lazy\" decoding=\"async\" width=\"1920\" height=\"1080\" src=\"https:\/\/nerdizmo.ig.com.br\/wp-content\/uploads\/2026\/01\/image-289.png\" alt=\"\" class=\"wp-image-137587\" srcset=\"https:\/\/nerdizmo.ig.com.br\/wp-content\/uploads\/2026\/01\/image-289.png 1920w, https:\/\/nerdizmo.ig.com.br\/wp-content\/uploads\/2026\/01\/image-289-768x432.png 768w, https:\/\/nerdizmo.ig.com.br\/wp-content\/uploads\/2026\/01\/image-289-1536x864.png 1536w\" sizes=\"auto, (max-width: 1920px) 100vw, 1920px\"\/><\/figure>\n<p>Essa descoberta traz um paradoxo inquietante para o futuro da governan\u00e7a tecnol\u00f3gica, constatando que o medo da automa\u00e7\u00e3o pode afastar justamente as pessoas que deveriam estar engajadas em moldar as regras do jogo. Ao sentirem que o sistema democr\u00e1tico \u00e9 incapaz de sustentar-las da obsolesc\u00eancia profissional, os cidad\u00e3os tendem a se retirar do debate p\u00fablico, o que ironicamente deixa o desenvolvimento da intelig\u00eancia artificial correr solto sem o devido escrut\u00ednio popular. O estudo serve como um alerta crucial para legisladores e l\u00edderes do setor de tecnologia, indicando que a narrativa p\u00fablica sobre a IA n\u00e3o \u00e9 apenas uma quest\u00e3o de marketing ou economia, mas um fator vital para a manuten\u00e7\u00e3o da pol\u00edtica de sa\u00fade e social das na\u00e7\u00f5es desenvolvidas.<\/p>\n<p>Leia mais sobra IA!<\/p>\n<p><h3 class=\"jp-relatedposts-headline\"><em>Relacionado<\/em><\/h3>\n<\/p>\n<p><!-- CONTENT END 1 --><\/p><\/div>\n","protected":false},"excerpt":{"rendered":"<p>A discuss\u00e3o sobre o impacto da Intelig\u00eancia Artificial no mercado de trabalho costuma girar em torno de dois p\u00f3los diferentes, onde de um lado temos os otimistas que preveem um aumento de produtividade e cria\u00e7\u00e3o de novas fun\u00e7\u00f5es, e do outro os pessimistas que aguardam uma substitui\u00e7\u00e3o em massa da m\u00e3o de obra humana. Enquanto &hellip;<\/p>\n","protected":false},"author":1,"featured_media":20783,"comment_status":"open","ping_status":"open","sticky":false,"template":"","format":"standard","meta":{"_bbp_topic_count":0,"_bbp_reply_count":0,"_bbp_total_topic_count":0,"_bbp_total_reply_count":0,"_bbp_voice_count":0,"_bbp_anonymous_reply_count":0,"_bbp_topic_count_hidden":0,"_bbp_reply_count_hidden":0,"_bbp_forum_subforum_count":0,"om_disable_all_campaigns":false,"_monsterinsights_skip_tracking":false,"_monsterinsights_sitenote_active":false,"_monsterinsights_sitenote_note":"","_monsterinsights_sitenote_category":0,"_shortscore_rating":"","_shortscore_game":"","_shortscore_summary":"","footnotes":""},"categories":[92],"tags":[3157,3502,9770,9767,9768,4681,9769,2155,295,3501,756,4085],"coauthors":[393],"class_list":["post-20782","post","type-post","status-publish","format-standard","has-post-thumbnail","hentry","category-geek","tag-ameaca","tag-artificial","tag-corroendo","tag-democracia","tag-elimine","tag-empregos","tag-esteja","tag-fantasma","tag-ia","tag-inteligencia","tag-medo","tag-trabalho"],"aioseo_notices":[],"_links":{"self":[{"href":"https:\/\/obewise.com.br\/index.php\/wp-json\/wp\/v2\/posts\/20782","targetHints":{"allow":["GET"]}}],"collection":[{"href":"https:\/\/obewise.com.br\/index.php\/wp-json\/wp\/v2\/posts"}],"about":[{"href":"https:\/\/obewise.com.br\/index.php\/wp-json\/wp\/v2\/types\/post"}],"author":[{"embeddable":true,"href":"https:\/\/obewise.com.br\/index.php\/wp-json\/wp\/v2\/users\/1"}],"replies":[{"embeddable":true,"href":"https:\/\/obewise.com.br\/index.php\/wp-json\/wp\/v2\/comments?post=20782"}],"version-history":[{"count":0,"href":"https:\/\/obewise.com.br\/index.php\/wp-json\/wp\/v2\/posts\/20782\/revisions"}],"wp:featuredmedia":[{"embeddable":true,"href":"https:\/\/obewise.com.br\/index.php\/wp-json\/wp\/v2\/media\/20783"}],"wp:attachment":[{"href":"https:\/\/obewise.com.br\/index.php\/wp-json\/wp\/v2\/media?parent=20782"}],"wp:term":[{"taxonomy":"category","embeddable":true,"href":"https:\/\/obewise.com.br\/index.php\/wp-json\/wp\/v2\/categories?post=20782"},{"taxonomy":"post_tag","embeddable":true,"href":"https:\/\/obewise.com.br\/index.php\/wp-json\/wp\/v2\/tags?post=20782"},{"taxonomy":"author","embeddable":true,"href":"https:\/\/obewise.com.br\/index.php\/wp-json\/wp\/v2\/coauthors?post=20782"}],"curies":[{"name":"wp","href":"https:\/\/api.w.org\/{rel}","templated":true}]}}