{"id":20917,"date":"2026-01-31T20:57:02","date_gmt":"2026-01-31T20:57:02","guid":{"rendered":"https:\/\/obewise.com.br\/index.php\/2026\/01\/31\/avatar-4-e-avatar-5-podem-ficar-mais-baratos-james-cameron-fala-em-reduzir-custos-apos-avatar-3\/"},"modified":"2026-01-31T20:57:02","modified_gmt":"2026-01-31T20:57:02","slug":"avatar-4-e-avatar-5-podem-ficar-mais-baratos-james-cameron-fala-em-reduzir-custos-apos-avatar-3","status":"publish","type":"post","link":"https:\/\/obewise.com.br\/index.php\/2026\/01\/31\/avatar-4-e-avatar-5-podem-ficar-mais-baratos-james-cameron-fala-em-reduzir-custos-apos-avatar-3\/","title":{"rendered":"Avatar 4 e Avatar 5 podem ficar mais \u201cbaratos\u201d: James Cameron fala em reduzir custos ap\u00f3s Avatar 3"},"content":{"rendered":"<p><\/p>\n<div>\n<p>Depois de levar a franquia de Pandora ao terceiro cap\u00edtulo, James Cameron voltou a falar abertamente sobre o futuro da saga e deixou um recado bem direto. Se os pr\u00f3ximos filmes forem acontecer, ele precisa encontrar um jeito de fazer os longas \u201cmais baratos\u201d. A declara\u00e7\u00e3o foi dada em entrevista ao canal taiwan\u00eas TVBS News e repercutiu em sites internacionais.<\/p>\n<p>O coment\u00e1rio vem em um momento em que o pr\u00f3prio diretor descreve o mercado como \u201cdeprimido\u201d, com bilheterias mais inst\u00e1veis e riscos maiores para produ\u00e7\u00f5es gigantes. E isso pesa ainda mais em uma s\u00e9rie conhecida por tecnologia de ponta, filmagens longas e p\u00f3s produ\u00e7\u00e3o complexa.<\/p>\n<h3 class=\"wp-block-heading\">O que mudou com Avatar: Fire and Ash<\/h3>\n<p>O terceiro filme, Avatar: Fire and Ash, chegou aos cinemas em dezembro e teve estreia global forte. Ainda assim, os n\u00fameros iniciais na Am\u00e9rica do Norte ficaram abaixo do ritmo do filme anterior, o que alimentou a conversa sobre custo e viabilidade.<\/p>\n<p>Nas semanas seguintes, o longa passou de US$ 1 bilh\u00e3o no mundo, mantendo o padr\u00e3o de \u201cevento\u201d t\u00edpico de Cameron. Mas, mesmo com esse desempenho, o diretor refor\u00e7ou que o pr\u00f3ximo passo depende de fazer as contas fecharem melhor.<\/p>\n<figure class=\"wp-block-image size-full\"><img loading=\"lazy\" decoding=\"async\" width=\"1486\" height=\"873\" src=\"https:\/\/nerdizmo.ig.com.br\/wp-content\/uploads\/2026\/01\/Avatar-James-Cameron-02.jpg\" alt=\"\" class=\"wp-image-137970\" srcset=\"https:\/\/nerdizmo.ig.com.br\/wp-content\/uploads\/2026\/01\/Avatar-James-Cameron-02.jpg 1486w, https:\/\/nerdizmo.ig.com.br\/wp-content\/uploads\/2026\/01\/Avatar-James-Cameron-02-768x451.jpg 768w\" sizes=\"auto, (max-width: 1486px) 100vw, 1486px\"\/><\/figure>\n<h3 class=\"wp-block-heading\">Michelle Yeoh pode entrar como Na\u2019vi, se 4 e 5 forem confirmados<\/h3>\n<p>Outra informa\u00e7\u00e3o que chamou aten\u00e7\u00e3o na entrevista \u00e9 que Michelle Yeoh deve participar dos pr\u00f3ximos cap\u00edtulos caso eles sejam de fato produzidos. Cameron afirmou que ela apareceria em Avatar 4 e Avatar 5 como uma personagem feita em performance capture, ou seja, capturando a atua\u00e7\u00e3o da atriz para um corpo digital.<\/p>\n<p>Sobre o nome da personagem, surgiram varia\u00e7\u00f5es de translitera\u00e7\u00e3o em diferentes coberturas. A entrevista da TVBS cita um nome que aparece com grafias diferentes em publica\u00e7\u00f5es externas, mas a ideia central \u00e9 a mesma: ela ser\u00e1 uma Na\u2019vi e far\u00e1 parte do arco dos filmes finais, se eles sa\u00edrem do papel.<\/p>\n<h3 class=\"wp-block-heading\">Por que filmar 4 e 5 \u201cjuntos\u201d pode ser a sa\u00edda<\/h3>\n<p>Cameron tamb\u00e9m indicou que a estrat\u00e9gia seria repetir o modelo usado antes, com filmes planejados como um grande bloco de hist\u00f3ria. Em outras palavras, produzir dois longas com continuidade pode ajudar a otimizar equipe, sets, captura de performance e pipeline de efeitos, reduzindo desperd\u00edcios e tempo ocioso. \u00c9 justamente esse tipo de ajuste que ele sugere quando fala em baratear os pr\u00f3ximos cap\u00edtulos.<\/p>\n<h3 class=\"wp-block-heading\">Datas j\u00e1 reservadas no calend\u00e1rio<\/h3>\n<p>Mesmo com o tom cauteloso, as datas continuam no radar da ind\u00fastria. Avatar 4 est\u00e1 programado para <strong>21 de dezembro de 2029<\/strong>, e Avatar 5 para <strong>19 de dezembro de 2031<\/strong>.<\/p>\n<p>Se a franquia vai chegar at\u00e9 l\u00e1, a mensagem de Cameron \u00e9 clara: n\u00e3o basta ser grande. Vai ter que ser grande e sustent\u00e1vel.<\/p>\n<p>Veja mais sobre cinema.<\/p>\n<p><h3 class=\"jp-relatedposts-headline\"><em>Relacionado<\/em><\/h3>\n<\/p>\n<p><!-- CONTENT END 1 --><\/p><\/div>\n","protected":false},"excerpt":{"rendered":"<p>Depois de levar a franquia de Pandora ao terceiro cap\u00edtulo, James Cameron voltou a falar abertamente sobre o futuro da saga e deixou um recado bem direto. Se os pr\u00f3ximos filmes forem acontecer, ele precisa encontrar um jeito de fazer os longas \u201cmais baratos\u201d. A declara\u00e7\u00e3o foi dada em entrevista ao canal taiwan\u00eas TVBS News &hellip;<\/p>\n","protected":false},"author":1,"featured_media":20918,"comment_status":"open","ping_status":"open","sticky":false,"template":"","format":"standard","meta":{"_bbp_topic_count":0,"_bbp_reply_count":0,"_bbp_total_topic_count":0,"_bbp_total_reply_count":0,"_bbp_voice_count":0,"_bbp_anonymous_reply_count":0,"_bbp_topic_count_hidden":0,"_bbp_reply_count_hidden":0,"_bbp_forum_subforum_count":0,"om_disable_all_campaigns":false,"_monsterinsights_skip_tracking":false,"_monsterinsights_sitenote_active":false,"_monsterinsights_sitenote_note":"","_monsterinsights_sitenote_category":0,"_shortscore_rating":"","_shortscore_game":"","_shortscore_summary":"","footnotes":""},"categories":[92],"tags":[1664,157,9930,1960,4353,1609,2339,1289,745,858,4534,3413],"coauthors":[393],"class_list":["post-20917","post","type-post","status-publish","format-standard","has-post-thumbnail","hentry","category-geek","tag-apos","tag-avatar","tag-baratos","tag-cameron","tag-custos","tag-fala","tag-ficar","tag-james","tag-james-cameron","tag-mais","tag-podem","tag-reduzir"],"aioseo_notices":[],"_links":{"self":[{"href":"https:\/\/obewise.com.br\/index.php\/wp-json\/wp\/v2\/posts\/20917","targetHints":{"allow":["GET"]}}],"collection":[{"href":"https:\/\/obewise.com.br\/index.php\/wp-json\/wp\/v2\/posts"}],"about":[{"href":"https:\/\/obewise.com.br\/index.php\/wp-json\/wp\/v2\/types\/post"}],"author":[{"embeddable":true,"href":"https:\/\/obewise.com.br\/index.php\/wp-json\/wp\/v2\/users\/1"}],"replies":[{"embeddable":true,"href":"https:\/\/obewise.com.br\/index.php\/wp-json\/wp\/v2\/comments?post=20917"}],"version-history":[{"count":0,"href":"https:\/\/obewise.com.br\/index.php\/wp-json\/wp\/v2\/posts\/20917\/revisions"}],"wp:featuredmedia":[{"embeddable":true,"href":"https:\/\/obewise.com.br\/index.php\/wp-json\/wp\/v2\/media\/20918"}],"wp:attachment":[{"href":"https:\/\/obewise.com.br\/index.php\/wp-json\/wp\/v2\/media?parent=20917"}],"wp:term":[{"taxonomy":"category","embeddable":true,"href":"https:\/\/obewise.com.br\/index.php\/wp-json\/wp\/v2\/categories?post=20917"},{"taxonomy":"post_tag","embeddable":true,"href":"https:\/\/obewise.com.br\/index.php\/wp-json\/wp\/v2\/tags?post=20917"},{"taxonomy":"author","embeddable":true,"href":"https:\/\/obewise.com.br\/index.php\/wp-json\/wp\/v2\/coauthors?post=20917"}],"curies":[{"name":"wp","href":"https:\/\/api.w.org\/{rel}","templated":true}]}}