{"id":22075,"date":"2026-04-26T13:51:29","date_gmt":"2026-04-26T13:51:29","guid":{"rendered":"https:\/\/obewise.com.br\/index.php\/2026\/04\/26\/o-enigma-do-horizonte-ganha-continuacao-oficial-nos-quadrinhos-com-roteirista-ideal-para-a-franquia\/"},"modified":"2026-04-26T13:51:29","modified_gmt":"2026-04-26T13:51:29","slug":"o-enigma-do-horizonte-ganha-continuacao-oficial-nos-quadrinhos-com-roteirista-ideal-para-a-franquia","status":"publish","type":"post","link":"https:\/\/obewise.com.br\/index.php\/2026\/04\/26\/o-enigma-do-horizonte-ganha-continuacao-oficial-nos-quadrinhos-com-roteirista-ideal-para-a-franquia\/","title":{"rendered":"O Enigma do Horizonte ganha continua\u00e7\u00e3o oficial nos quadrinhos com roteirista ideal para a franquia"},"content":{"rendered":"<p><\/p>\n<div>\n<p>Depois de quase tr\u00eas d\u00e9cadas no limbo, Event Horizon (O Enigma do Horizonte) est\u00e1 oficialmente de volta. O cl\u00e1ssico cult de terror e fic\u00e7\u00e3o cient\u00edfica de 1997 ganha uma nova continua\u00e7\u00e3o nos quadrinhos, e a escolha do roteirista \u00e9 parte do motivo pelo qual os f\u00e3s est\u00e3o t\u00e3o empolgados. Quem assume o comando da hist\u00f3ria \u00e9 Christian Ward, autor que j\u00e1 vinha reconstruindo o universo da franquia com \u00f3timos resultados.<\/p>\n<p>A nova fase se chama Event Horizon: Inferno e funciona como uma continua\u00e7\u00e3o direta dos eventos do filme. Antes dela, Ward escreveu o prel\u00fadio Event Horizon: Dark Descent, lan\u00e7ado em 2025, que ajudou a estabelecer um novo c\u00e2none para a s\u00e9rie. O sucesso cr\u00edtico e comercial desse arco abriu caminho para a sequ\u00eancia, publicada pela IDW em parceria com a Paramount. <\/p>\n<figure class=\"wp-block-image size-full\"><img loading=\"lazy\" decoding=\"async\" width=\"1084\" height=\"625\" src=\"https:\/\/nerdizmo.ig.com.br\/wp-content\/uploads\/2026\/04\/image-53.png\" alt=\"\" class=\"wp-image-148770\" srcset=\"https:\/\/nerdizmo.ig.com.br\/wp-content\/uploads\/2026\/04\/image-53.png 1084w, https:\/\/nerdizmo.ig.com.br\/wp-content\/uploads\/2026\/04\/image-53-768x443.png 768w\" sizes=\"auto, (max-width: 1084px) 100vw, 1084px\"\/><\/figure>\n<p>Diferente do prel\u00fadio, Inferno se passa 200 anos ap\u00f3s o filme original. A hist\u00f3ria acompanha uma miss\u00e3o financiada por um bilion\u00e1rio, que lidera uma frota privada at\u00e9 os destro\u00e7os da Event Horizon. A ideia \u00e9 explorar os restos da nave e lucrar com seus segredos, enquanto o horror c\u00f3smico que marcou o longa ganha novas camadas e temas mais atuais, como desigualdade de poder e explora\u00e7\u00e3o extrema.<\/p>\n<p>Segundo entrevistas, Ward pensou esse retorno como algo maior do que uma simples continua\u00e7\u00e3o. Ele apresentou o projeto como um verdadeiro mapa de hist\u00f3rias, com possibilidades para expandir o universo se a recep\u00e7\u00e3o continuar positiva. A inten\u00e7\u00e3o \u00e9 n\u00e3o repetir f\u00f3rmulas e nem transformar Inferno em uma continua\u00e7\u00e3o direta do prel\u00fadio.<\/p>\n<p>A escolha de Christian Ward faz sentido. O autor j\u00e1 passou por projetos ambiciosos e densos, como ODY-C, uma releitura c\u00f3smica da Odisseia, al\u00e9m de trabalhos em Invisible Kingdom, Black Bolt e Thor. No terror, ele tamb\u00e9m se destacou com t\u00edtulos como Batman: City of Madness e Blood Stained Teeth, refor\u00e7ando sua familiaridade com atmosferas sombrias e narrativas psicol\u00f3gicas.<\/p>\n<figure class=\"wp-block-embed is-type-wp-embed is-provider-nerdizmo wp-block-embed-nerdizmo\"\/>\n<p>Em Inferno, Ward divide a cria\u00e7\u00e3o com o artista Rob Carey, enquanto assina as capas da s\u00e9rie. A proposta visual e narrativa busca se distanciar do filme sem ignorar sua ess\u00eancia. Em entrevistas, o roteirista afirmou que quis contar uma nova hist\u00f3ria, com personagens diferentes e um foco maior em tecnologia, a\u00e7\u00e3o e horror em escala ainda maior.<\/p>\n<p>Lan\u00e7ado originalmente em 1997, Event Horizon virou cult por misturar imagens cl\u00e1ssicas de c\u00e9u e inferno com terror espacial. A nova fase nos quadrinhos aposta exatamente nesse legado, mas com liberdade criativa para ir al\u00e9m do que o cinema conseguiu mostrar na \u00e9poca.<\/p>\n<p>Com Inferno j\u00e1 em circula\u00e7\u00e3o, a franquia prova que ainda tem f\u00f4lego para assustar e provocar. E com Christian Ward no comando, a viagem de volta ao inferno espacial parece estar em m\u00e3os mais do que adequadas para conquistar tanto novos leitores quanto f\u00e3s antigos.<\/p>\n<p>Veja mais sobre livros e HQs!<\/p>\n<p><h3 class=\"jp-relatedposts-headline\"><em>Relacionado<\/em><\/h3>\n<\/p>\n<p><!-- CONTENT END 1 --><\/p><\/div>\n","protected":false},"excerpt":{"rendered":"<p>Depois de quase tr\u00eas d\u00e9cadas no limbo, Event Horizon (O Enigma do Horizonte) est\u00e1 oficialmente de volta. O cl\u00e1ssico cult de terror e fic\u00e7\u00e3o cient\u00edfica de 1997 ganha uma nova continua\u00e7\u00e3o nos quadrinhos, e a escolha do roteirista \u00e9 parte do motivo pelo qual os f\u00e3s est\u00e3o t\u00e3o empolgados. Quem assume o comando da hist\u00f3ria &hellip;<\/p>\n","protected":false},"author":1,"featured_media":22076,"comment_status":"open","ping_status":"open","sticky":false,"template":"","format":"standard","meta":{"_bbp_topic_count":0,"_bbp_reply_count":0,"_bbp_total_topic_count":0,"_bbp_total_reply_count":0,"_bbp_voice_count":0,"_bbp_anonymous_reply_count":0,"_bbp_topic_count_hidden":0,"_bbp_reply_count_hidden":0,"_bbp_forum_subforum_count":0,"om_disable_all_campaigns":false,"_monsterinsights_skip_tracking":false,"_monsterinsights_sitenote_active":false,"_monsterinsights_sitenote_note":"","_monsterinsights_sitenote_category":0,"_shortscore_rating":"","_shortscore_game":"","_shortscore_summary":"","footnotes":""},"categories":[92],"tags":[5118,11108,1243,909,5999,5373,940,11107,1636,642,4895,3309],"coauthors":[393],"class_list":["post-22075","post","type-post","status-publish","format-standard","has-post-thumbnail","hentry","category-geek","tag-continuacao","tag-enigma","tag-franquia","tag-ganha","tag-horizonte","tag-ideal","tag-nos","tag-o-enigma-do-horizonte","tag-oficial","tag-para","tag-quadrinhos","tag-roteirista"],"aioseo_notices":[],"_links":{"self":[{"href":"https:\/\/obewise.com.br\/index.php\/wp-json\/wp\/v2\/posts\/22075","targetHints":{"allow":["GET"]}}],"collection":[{"href":"https:\/\/obewise.com.br\/index.php\/wp-json\/wp\/v2\/posts"}],"about":[{"href":"https:\/\/obewise.com.br\/index.php\/wp-json\/wp\/v2\/types\/post"}],"author":[{"embeddable":true,"href":"https:\/\/obewise.com.br\/index.php\/wp-json\/wp\/v2\/users\/1"}],"replies":[{"embeddable":true,"href":"https:\/\/obewise.com.br\/index.php\/wp-json\/wp\/v2\/comments?post=22075"}],"version-history":[{"count":0,"href":"https:\/\/obewise.com.br\/index.php\/wp-json\/wp\/v2\/posts\/22075\/revisions"}],"wp:featuredmedia":[{"embeddable":true,"href":"https:\/\/obewise.com.br\/index.php\/wp-json\/wp\/v2\/media\/22076"}],"wp:attachment":[{"href":"https:\/\/obewise.com.br\/index.php\/wp-json\/wp\/v2\/media?parent=22075"}],"wp:term":[{"taxonomy":"category","embeddable":true,"href":"https:\/\/obewise.com.br\/index.php\/wp-json\/wp\/v2\/categories?post=22075"},{"taxonomy":"post_tag","embeddable":true,"href":"https:\/\/obewise.com.br\/index.php\/wp-json\/wp\/v2\/tags?post=22075"},{"taxonomy":"author","embeddable":true,"href":"https:\/\/obewise.com.br\/index.php\/wp-json\/wp\/v2\/coauthors?post=22075"}],"curies":[{"name":"wp","href":"https:\/\/api.w.org\/{rel}","templated":true}]}}