{"id":22079,"date":"2026-04-26T21:59:21","date_gmt":"2026-04-26T21:59:21","guid":{"rendered":"https:\/\/obewise.com.br\/index.php\/2026\/04\/26\/a-cidade-medieval-que-dancou-ate-a-morte-e-intriga-historiadores-ate-hoje\/"},"modified":"2026-04-26T21:59:21","modified_gmt":"2026-04-26T21:59:21","slug":"a-cidade-medieval-que-dancou-ate-a-morte-e-intriga-historiadores-ate-hoje","status":"publish","type":"post","link":"https:\/\/obewise.com.br\/index.php\/2026\/04\/26\/a-cidade-medieval-que-dancou-ate-a-morte-e-intriga-historiadores-ate-hoje\/","title":{"rendered":"A cidade medieval que dan\u00e7ou at\u00e9 a morte e intriga historiadores at\u00e9 hoje"},"content":{"rendered":"<p><\/p>\n<div>\n<p>No ver\u00e3o de 1518, uma cidade medieval europeia viveu um dos epis\u00f3dios mais estranhos da hist\u00f3ria. Em Estrasburgo, no territ\u00f3rio que hoje \u00e9 a Fran\u00e7a, centenas de pessoas come\u00e7aram a dan\u00e7ar de forma incontrol\u00e1vel nas ruas. N\u00e3o era festa. N\u00e3o havia m\u00fasica. Muitos simplesmente n\u00e3o conseguiam parar. <\/p>\n<p>Tudo come\u00e7ou em julho daquele ano, quando uma mulher conhecida como Frau Troffea saiu de casa e passou a dan\u00e7ar sem descanso. Ela seguiu assim por dias. Logo, outros moradores entraram no mesmo ritmo compulsivo. Em poucas semanas, cerca de 400 pessoas estavam tomadas pela mesma obsess\u00e3o, dan\u00e7ando at\u00e9 a exaust\u00e3o f\u00edsica total. <\/p>\n<figure class=\"wp-block-image size-full\"><img loading=\"lazy\" decoding=\"async\" width=\"833\" height=\"816\" src=\"https:\/\/nerdizmo.ig.com.br\/wp-content\/uploads\/2026\/04\/image-56.png\" alt=\"\" class=\"wp-image-148779\" srcset=\"https:\/\/nerdizmo.ig.com.br\/wp-content\/uploads\/2026\/04\/image-56.png 833w, https:\/\/nerdizmo.ig.com.br\/wp-content\/uploads\/2026\/04\/image-56-768x752.png 768w\" sizes=\"auto, (max-width: 833px) 100vw, 833px\"\/><\/figure>\n<p>O impacto foi devastador. Alguns participantes desmaiavam nas ruas. Outros morreram, possivelmente de ataques card\u00edacos, derrames ou puro esgotamento. Relatos da \u00e9poca indicam que o n\u00famero de v\u00edtimas fatais nunca foi totalmente esclarecido, mas os registros confirmam que mortes aconteceram durante o surto.<\/p>\n<p>Sem entender o que estava acontecendo, as autoridades locais tomaram uma decis\u00e3o que hoje parece absurda. M\u00e9dicos afirmaram que a cura seria continuar dan\u00e7ando para \u201cliberar o mal\u201d. O conselho da cidade montou palcos e contratou m\u00fasicos profissionais. A inten\u00e7\u00e3o era ajudar, mas o efeito foi o oposto. A dan\u00e7a se espalhou ainda mais.<\/p>\n<p>Ap\u00f3s semanas de caos, a estrat\u00e9gia mudou. Os dan\u00e7arinos foram levados a um santu\u00e1rio dedicado a S\u00e3o Vito, santo associado a doen\u00e7as nervosas. Ali, com ora\u00e7\u00f5es e rituais religiosos, o surto come\u00e7ou a perder for\u00e7a. No in\u00edcio do outono, o fen\u00f4meno finalmente cessou.<\/p>\n<p>At\u00e9 hoje, o motivo dessa \u201cpraga dan\u00e7ante\u201d \u00e9 debatido. Uma das hip\u00f3teses mais aceitas aponta para um caso extremo de histeria coletiva, causado por estresse, fome, epidemias e cren\u00e7as religiosas muito fortes. Estrasburgo vivia um per\u00edodo de grande sofrimento social, o que pode ter desencadeado a rea\u00e7\u00e3o em massa.<\/p>\n<p>Outra teoria sugere intoxica\u00e7\u00e3o por espor\u00e3o do centeio, um fungo alucin\u00f3geno que contaminava alimentos na Idade M\u00e9dia. No entanto, muitos historiadores questionam essa ideia, j\u00e1 que os sintomas n\u00e3o explicam totalmente a dura\u00e7\u00e3o e o comportamento coletivo do surto.<\/p>\n<figure class=\"wp-block-image size-full\"><img loading=\"lazy\" decoding=\"async\" width=\"1440\" height=\"810\" src=\"https:\/\/nerdizmo.ig.com.br\/wp-content\/uploads\/2026\/04\/image-54.png\" alt=\"\" class=\"wp-image-148777\" srcset=\"https:\/\/nerdizmo.ig.com.br\/wp-content\/uploads\/2026\/04\/image-54.png 1440w, https:\/\/nerdizmo.ig.com.br\/wp-content\/uploads\/2026\/04\/image-54-768x432.png 768w\" sizes=\"auto, (max-width: 1440px) 100vw, 1440px\"\/><\/figure>\n<p>O evento de 1518 \u00e9 o mais famoso, mas n\u00e3o foi o \u00fanico. Epis\u00f3dios semelhantes de \u201cmania da dan\u00e7a\u201d foram registrados na Europa entre os s\u00e9culos 10 e 16. O caso de Estrasburgo, por\u00e9m, \u00e9 o mais bem documentado e o \u00faltimo grande registro desse tipo. <\/p>\n<p>Mais de 500 anos depois, a cidade que dan\u00e7ou at\u00e9 a morte continua sendo um lembrete perturbador de como mente, corpo e contexto social podem se combinar de formas totalmente imprevis\u00edveis. \u00c9 uma hist\u00f3ria real, registrada por m\u00e9dicos, padres e autoridades, e que at\u00e9 hoje desafia explica\u00e7\u00f5es simples.<\/p>\n<p>Veja mais sobre hist\u00f3ria!<\/p>\n<p><h3 class=\"jp-relatedposts-headline\"><em>Relacionado<\/em><\/h3>\n<\/p>\n<p><!-- CONTENT END 1 --><\/p><\/div>\n","protected":false},"excerpt":{"rendered":"<p>No ver\u00e3o de 1518, uma cidade medieval europeia viveu um dos epis\u00f3dios mais estranhos da hist\u00f3ria. Em Estrasburgo, no territ\u00f3rio que hoje \u00e9 a Fran\u00e7a, centenas de pessoas come\u00e7aram a dan\u00e7ar de forma incontrol\u00e1vel nas ruas. N\u00e3o era festa. N\u00e3o havia m\u00fasica. Muitos simplesmente n\u00e3o conseguiam parar. Tudo come\u00e7ou em julho daquele ano, quando uma &hellip;<\/p>\n","protected":false},"author":1,"featured_media":22080,"comment_status":"open","ping_status":"open","sticky":false,"template":"","format":"standard","meta":{"_bbp_topic_count":0,"_bbp_reply_count":0,"_bbp_total_topic_count":0,"_bbp_total_reply_count":0,"_bbp_voice_count":0,"_bbp_anonymous_reply_count":0,"_bbp_topic_count_hidden":0,"_bbp_reply_count_hidden":0,"_bbp_forum_subforum_count":0,"om_disable_all_campaigns":false,"_monsterinsights_skip_tracking":false,"_monsterinsights_sitenote_active":false,"_monsterinsights_sitenote_note":"","_monsterinsights_sitenote_category":0,"_shortscore_rating":"","_shortscore_game":"","_shortscore_summary":"","footnotes":""},"categories":[92],"tags":[899,4280,11112,11113,2002,6515,1890,1721],"coauthors":[393],"class_list":["post-22079","post","type-post","status-publish","format-standard","has-post-thumbnail","hentry","category-geek","tag-ate","tag-cidade","tag-dancou","tag-historiadores","tag-hoje","tag-intriga","tag-medieval","tag-morte"],"aioseo_notices":[],"_links":{"self":[{"href":"https:\/\/obewise.com.br\/index.php\/wp-json\/wp\/v2\/posts\/22079","targetHints":{"allow":["GET"]}}],"collection":[{"href":"https:\/\/obewise.com.br\/index.php\/wp-json\/wp\/v2\/posts"}],"about":[{"href":"https:\/\/obewise.com.br\/index.php\/wp-json\/wp\/v2\/types\/post"}],"author":[{"embeddable":true,"href":"https:\/\/obewise.com.br\/index.php\/wp-json\/wp\/v2\/users\/1"}],"replies":[{"embeddable":true,"href":"https:\/\/obewise.com.br\/index.php\/wp-json\/wp\/v2\/comments?post=22079"}],"version-history":[{"count":0,"href":"https:\/\/obewise.com.br\/index.php\/wp-json\/wp\/v2\/posts\/22079\/revisions"}],"wp:featuredmedia":[{"embeddable":true,"href":"https:\/\/obewise.com.br\/index.php\/wp-json\/wp\/v2\/media\/22080"}],"wp:attachment":[{"href":"https:\/\/obewise.com.br\/index.php\/wp-json\/wp\/v2\/media?parent=22079"}],"wp:term":[{"taxonomy":"category","embeddable":true,"href":"https:\/\/obewise.com.br\/index.php\/wp-json\/wp\/v2\/categories?post=22079"},{"taxonomy":"post_tag","embeddable":true,"href":"https:\/\/obewise.com.br\/index.php\/wp-json\/wp\/v2\/tags?post=22079"},{"taxonomy":"author","embeddable":true,"href":"https:\/\/obewise.com.br\/index.php\/wp-json\/wp\/v2\/coauthors?post=22079"}],"curies":[{"name":"wp","href":"https:\/\/api.w.org\/{rel}","templated":true}]}}