{"id":24003,"date":"2026-09-05T01:28:56","date_gmt":"2026-09-05T01:28:56","guid":{"rendered":"https:\/\/obewise.com.br\/index.php\/2026\/09\/05\/11-livros-de-fantasia-e-romantasia-para-conhecer-na-bienal-do-livro-de-sao-paulo-2026\/"},"modified":"2026-09-05T01:28:56","modified_gmt":"2026-09-05T01:28:56","slug":"11-livros-de-fantasia-e-romantasia-para-conhecer-na-bienal-do-livro-de-sao-paulo-2026","status":"publish","type":"post","link":"https:\/\/obewise.com.br\/index.php\/2026\/09\/05\/11-livros-de-fantasia-e-romantasia-para-conhecer-na-bienal-do-livro-de-sao-paulo-2026\/","title":{"rendered":"11 livros de fantasia e romantasia para conhecer na Bienal do Livro de S\u00e3o Paulo 2026"},"content":{"rendered":"<p><\/p>\n<div>\n<p class=\"wp-block-paragraph\">Feiticeiros. Bruxos. Monstros. Deuses. Criaturas m\u00e1gicas. A literatura fant\u00e1stica possui uma enorme gama de seres \u201cde outro mundo\u201d. Entre lendas, maldi\u00e7\u00f5es, amigos e vil\u00f5es, o leitor \u00e9 convidado a conhecer desde vales ensolarados at\u00e9 portais para reinos desconhecidos pela maioria dos humanos.<\/p>\n<p class=\"wp-block-paragraph\">Para que esse p\u00fablico de fantasia e romantasia possa ir preparado para a Bienal do Livro de S\u00e3o Paulo 2026, que acontece entre os dias 4 e 13 de setembro, no Distrito Anhembi (SP), segue a indica\u00e7\u00e3o de 11 obras nacionais destes g\u00eaneros que valem a pena colocar na lista de leitura.<\/p>\n<figure class=\"wp-block-image size-full\"><img loading=\"lazy\" decoding=\"async\" width=\"1920\" height=\"1080\" src=\"https:\/\/nerdizmo.ig.com.br\/wp-content\/uploads\/2026\/09\/bienal_livro_sp_2026_indicacao_livros_fantasia_romantasia_lavanda_literaria_img08.jpg\" alt=\"\" class=\"wp-image-154426\" srcset=\"https:\/\/nerdizmo.ig.com.br\/wp-content\/uploads\/2026\/09\/bienal_livro_sp_2026_indicacao_livros_fantasia_romantasia_lavanda_literaria_img08.jpg 1920w, https:\/\/nerdizmo.ig.com.br\/wp-content\/uploads\/2026\/09\/bienal_livro_sp_2026_indicacao_livros_fantasia_romantasia_lavanda_literaria_img08-768x432.jpg 768w, https:\/\/nerdizmo.ig.com.br\/wp-content\/uploads\/2026\/09\/bienal_livro_sp_2026_indicacao_livros_fantasia_romantasia_lavanda_literaria_img08-1536x864.jpg 1536w\" sizes=\"auto, (max-width: 1920px) 100vw, 1920px\"\/><\/figure>\n<p class=\"wp-block-paragraph\"><strong>Autora:<\/strong> FML Pepper. <strong>Editora:<\/strong> Flyve<\/p>\n<p class=\"wp-block-paragraph\"><strong>Sinopse:<\/strong> Nailah desperta em um mundo que se encontra em seus instantes finais. Em meio \u00e0 batalha sangrenta para entender o significado da sua exist\u00eancia, a garota guerreira luta desesperadamente para encontrar as respostas para as perguntas que a consumiam tanto quanto as trevas que devoravam Unyan: Ela deveria atender ao fogo que ardia em seu cora\u00e7\u00e3o ou aos clamores da sua alma? O que teria que abrir m\u00e3o? O que poderia ter para si? Amor verdadeiro? Vingan\u00e7a? Reden\u00e7\u00e3o? O \u00faltimo verso da profecia traria a inimagin\u00e1vel resposta. <\/p>\n<p class=\"wp-block-paragraph\"><strong>Agenda na Bienal do Livro SP: <\/strong>sess\u00e3o de aut\u00f3grafos no dia 05\/09, \u00e0s 16h, no estande A80.<\/p>\n<figure class=\"wp-block-image size-full\"><img loading=\"lazy\" decoding=\"async\" width=\"1920\" height=\"1080\" src=\"https:\/\/nerdizmo.ig.com.br\/wp-content\/uploads\/2026\/09\/bienal_livro_sp_2026_indicacao_livros_fantasia_romantasia_lavanda_literaria_img07.jpg\" alt=\"\" class=\"wp-image-154427\" srcset=\"https:\/\/nerdizmo.ig.com.br\/wp-content\/uploads\/2026\/09\/bienal_livro_sp_2026_indicacao_livros_fantasia_romantasia_lavanda_literaria_img07.jpg 1920w, https:\/\/nerdizmo.ig.com.br\/wp-content\/uploads\/2026\/09\/bienal_livro_sp_2026_indicacao_livros_fantasia_romantasia_lavanda_literaria_img07-768x432.jpg 768w, https:\/\/nerdizmo.ig.com.br\/wp-content\/uploads\/2026\/09\/bienal_livro_sp_2026_indicacao_livros_fantasia_romantasia_lavanda_literaria_img07-1536x864.jpg 1536w\" sizes=\"auto, (max-width: 1920px) 100vw, 1920px\"\/><\/figure>\n<p class=\"wp-block-paragraph\"><strong>Autora:<\/strong> Helena Lopes. <strong>Editora: <\/strong>Rocco.<\/p>\n<p class=\"wp-block-paragraph\"><strong>Sinopse: <\/strong>Das terras ensolaradas e aben\u00e7oadas pela magia da Deusa Tripla \u00e0s plan\u00edcies geladas onde a ci\u00eancia \u00e9 a \u00fanica a receber adora\u00e7\u00e3o, o \u00f3dio entre bruxos e alqu\u00edmicos envenenou rios e montanhas durante s\u00e9culos. Isso muda quando necromantes surgem das profundezas trazendo uma maldi\u00e7\u00e3o que afeta ambos os povos: por todo o continente, mulheres d\u00e3o \u00e0 luz monstros e o caos se instaura. Desesperados por uma cura, os reis rivais fazem um acordo para restabelecer a paz. \u00c9 assim que Z\u00e1lia, a poderosa princesa bruxa, se v\u00ea prometida a Astero, o comandante alqu\u00edmico conhecido como o assassino de bruxos. Z\u00e1lia ter\u00e1 que escolher entre entregar-se ao homem que deveria odiar\u2026 ou queimar o mundo para vingar tudo o que perdeu. <\/p>\n<p class=\"wp-block-paragraph\"><strong>Agenda na Bienal do Livro SP: <\/strong>sess\u00e3o de aut\u00f3grafos no dia 04\/09, \u00e0s 15h, dia 05\/09, \u00e0s 17h e dia 06\/09, \u00e0s 11h, no estande da editora.<\/p>\n<h2 class=\"wp-block-heading\">O Veneno da V\u00edbora<\/h2>\n<p class=\"wp-block-paragraph\"><strong>Autora:<\/strong> Carol Fa\u00e7anha. <strong>Editora: <\/strong>Cabana Vermelha<\/p>\n<p class=\"wp-block-paragraph\">Sinopse: Humanos tamb\u00e9m pode ter veneno. E monstros tamb\u00e9m podem ser amados. No mundo da Corte Viperina, as regras est\u00e3o prestes a serem quebradas. A come\u00e7ar por Fausto, que encontrou ref\u00fagio nos bra\u00e7os de Claudete, carregando um embrulho fr\u00e1gil e poderoso ao mesmo tempo. Mas ser\u00e1 que o herdeiro dos Montenegro pode reviver o h\u00edbrido original? At\u00e9 onde estaria disposto a ir para isso? E o que faria com esse poder em m\u00e3os. No volume final da trilogia Corte Viperina, o leitor descobrir\u00e1 que nem todos os monstros s\u00e3o feitos de escamas e que nem todo veneno mata. <\/p>\n<p class=\"wp-block-paragraph\"><strong>Agenda na Bienal do Livro SP:<\/strong> senhas esgotadas.<\/p>\n<figure class=\"wp-block-image size-full\"><img loading=\"lazy\" decoding=\"async\" width=\"1920\" height=\"1080\" src=\"https:\/\/nerdizmo.ig.com.br\/wp-content\/uploads\/2026\/09\/bienal_livro_sp_2026_indicacao_livros_fantasia_romantasia_lavanda_literaria_img06.jpg\" alt=\"\" class=\"wp-image-154428\" srcset=\"https:\/\/nerdizmo.ig.com.br\/wp-content\/uploads\/2026\/09\/bienal_livro_sp_2026_indicacao_livros_fantasia_romantasia_lavanda_literaria_img06.jpg 1920w, https:\/\/nerdizmo.ig.com.br\/wp-content\/uploads\/2026\/09\/bienal_livro_sp_2026_indicacao_livros_fantasia_romantasia_lavanda_literaria_img06-768x432.jpg 768w, https:\/\/nerdizmo.ig.com.br\/wp-content\/uploads\/2026\/09\/bienal_livro_sp_2026_indicacao_livros_fantasia_romantasia_lavanda_literaria_img06-1536x864.jpg 1536w\" sizes=\"auto, (max-width: 1920px) 100vw, 1920px\"\/><\/figure>\n<p class=\"wp-block-paragraph\"> <strong>Autor: <\/strong>Renan Carvalho. <strong>Editora: <\/strong>Outro Planeta. <\/p>\n<p class=\"wp-block-paragraph\"><strong>Sinopse: <\/strong>Max tem a habilidade da consci\u00eancia S \u2013 um poder rar\u00edssimo capaz de reprogramar a Nuvem, o universo digital onde tudo \u00e9 poss\u00edvel. Quando Patrono, o novo programa administrador, entra em colapso e assume a forma de um perigoso vil\u00e3o, milh\u00f5es de crian\u00e7as ficam presas nesse mundo virtual. Entre elas est\u00e1 o irm\u00e3o mais novo de Max, e o garoto acaba se tornando a \u00fanica esperan\u00e7a de traz\u00ea-las de volta. Na Nuvem, Max e seus novos amigos ter\u00e3o que se unir, confiar uns nos outros \u2013 e descobrir que suas diferen\u00e7as s\u00e3o exatamente o que os torna mais fortes.<\/p>\n<p class=\"wp-block-paragraph\"><strong>Agenda na Bienal do Livro SP: <\/strong>sess\u00e3o de aut\u00f3grafos no dia 05\/09, \u00e0s 17h, no estande no estande da Editora Planeta.<\/p>\n<h2 class=\"wp-block-heading\">Odile<\/h2>\n<p class=\"wp-block-paragraph\"><strong>Autora:<\/strong> \u00c9vany Cristina Campos. <strong>Editora: <\/strong>Oculta<\/p>\n<p class=\"wp-block-paragraph\"><strong>Sinopse:<\/strong> Duas irm\u00e3s. Um destino tecido pela magia e pela ru\u00edna. Criadas \u00e0 margem do mundo humano, Odile e Odette, g\u00eameas feiticeiras rejeitadas pela pr\u00f3pria fam\u00edlia, encontram abrigo no reino encantado de Arboreal. Quando o reino humano de Monterio amea\u00e7a Arboreal, as irm\u00e3s recebem uma miss\u00e3o arriscada: infiltrar-se na corte inimiga e desvendar as verdadeiras inten\u00e7\u00f5es do pa\u00eds vizinho. O que nenhuma delas imagina \u00e9 que, ao cruzarem os port\u00f5es do pal\u00e1cio, n\u00e3o enfrentar\u00e3o apenas as articula\u00e7\u00f5es de uma poss\u00edvel guerra, mas tamb\u00e9m for\u00e7as que testam seus limites, suas cren\u00e7as e seus pr\u00f3prios cora\u00e7\u00f5es. Uma releitura de O Lago dos Cisnes onde poder, obsess\u00e3o e amor s\u00e3o escolhas com um pre\u00e7o e onde o amor verdadeiro pode n\u00e3o ser a salva\u00e7\u00e3o.<\/p>\n<p class=\"wp-block-paragraph\"><strong>Agenda na Bienal do Livro SP:<\/strong> sess\u00e3o de aut\u00f3grafos ser\u00e1 no dia 06\/09, \u00e0s 12, no estande 3 da Travessa Liter\u00e1ria.<\/p>\n<figure class=\"wp-block-image size-full\"><img loading=\"lazy\" decoding=\"async\" width=\"1920\" height=\"1080\" src=\"https:\/\/nerdizmo.ig.com.br\/wp-content\/uploads\/2026\/09\/bienal_livro_sp_2026_indicacao_livros_fantasia_romantasia_lavanda_literaria_img05.jpg\" alt=\"\" class=\"wp-image-154429\" srcset=\"https:\/\/nerdizmo.ig.com.br\/wp-content\/uploads\/2026\/09\/bienal_livro_sp_2026_indicacao_livros_fantasia_romantasia_lavanda_literaria_img05.jpg 1920w, https:\/\/nerdizmo.ig.com.br\/wp-content\/uploads\/2026\/09\/bienal_livro_sp_2026_indicacao_livros_fantasia_romantasia_lavanda_literaria_img05-768x432.jpg 768w, https:\/\/nerdizmo.ig.com.br\/wp-content\/uploads\/2026\/09\/bienal_livro_sp_2026_indicacao_livros_fantasia_romantasia_lavanda_literaria_img05-1536x864.jpg 1536w\" sizes=\"auto, (max-width: 1920px) 100vw, 1920px\"\/><\/figure>\n<p class=\"wp-block-paragraph\"><strong>Autora:<\/strong> Giu Yukari Murakami. <strong>Editora:<\/strong> Rocco.<\/p>\n<p class=\"wp-block-paragraph\"><strong>Sinopse:<\/strong> Aiko Watanabe, uma adolescente nipo-brasileira, recebe da sua batchan a miss\u00e3o de reencontrar Kimiko, uma amiga desaparecida desde os bombardeios na Segunda Guerra Mundial. Ela acaba mergulhando em uma jornada que atravessa a Amaz\u00f4nia, navega nas ondas da pororoca e encontra o universo fant\u00e1stico de yokais e encantados. Ao lado do amigo Nilo, ela enfrenta racismo, conflitos familiares e dilemas de identidade enquanto desvenda a hist\u00f3ria da av\u00f3 e, por meio da m\u00fasica de uma flauta m\u00e1gica, descobre a for\u00e7a dos la\u00e7os familiares e culturais. <\/p>\n<p class=\"wp-block-paragraph\"><strong>Agenda na Bienal do Livro SP:<\/strong> sess\u00e3o de aut\u00f3grafos no dia 07\/09, \u00e0s 14h, dia 08\/09, \u00e0s 10h, e dia 09\/09, \u00e0s 14h, no estande da Rocco.<\/p>\n<figure class=\"wp-block-image size-full\"><img loading=\"lazy\" decoding=\"async\" width=\"1920\" height=\"1080\" src=\"https:\/\/nerdizmo.ig.com.br\/wp-content\/uploads\/2026\/09\/bienal_livro_sp_2026_indicacao_livros_fantasia_romantasia_lavanda_literaria_img04.jpg\" alt=\"\" class=\"wp-image-154430\" srcset=\"https:\/\/nerdizmo.ig.com.br\/wp-content\/uploads\/2026\/09\/bienal_livro_sp_2026_indicacao_livros_fantasia_romantasia_lavanda_literaria_img04.jpg 1920w, https:\/\/nerdizmo.ig.com.br\/wp-content\/uploads\/2026\/09\/bienal_livro_sp_2026_indicacao_livros_fantasia_romantasia_lavanda_literaria_img04-768x432.jpg 768w, https:\/\/nerdizmo.ig.com.br\/wp-content\/uploads\/2026\/09\/bienal_livro_sp_2026_indicacao_livros_fantasia_romantasia_lavanda_literaria_img04-1536x864.jpg 1536w\" sizes=\"auto, (max-width: 1920px) 100vw, 1920px\"\/><\/figure>\n<p class=\"wp-block-paragraph\"><strong>Autora:<\/strong> Luiza Rosa<\/p>\n<p class=\"wp-block-paragraph\"><strong>Sinopse:<\/strong> H\u00e1 hist\u00f3rias que come\u00e7am como trag\u00e9dia e terminam como lenda. Esta \u00e9 uma delas. Eryas Vastaer foi condenado a viver como lobo, ap\u00f3s governar Nerfalis com tirania e provocar a f\u00faria divina. Mas sua maldi\u00e7\u00e3o guarda duas cru\u00e9is exce\u00e7\u00f5es \u2014 nas noites de lua cheia, ele se torna um monstro sedento por sangue; na lua nova, volta a ser homem, apenas para se lembrar da vida que perdeu. Enquanto isso a Lua, criada pelos Deuses Primordiais para reger os ciclos da noite, as mar\u00e9s e os sonhos, observa a Terra com o desejo de viver entre os mortais, de sentir, tocar e pertencer. E, contra todas as probabilidades, encontrou em Eryas a \u00fanica alma capaz de compreender sua solid\u00e3o. Entre manifesta\u00e7\u00f5es et\u00e9reas e toques imposs\u00edveis, vivem um amor condenado desde o in\u00edcio. E, ainda assim, o sentimento cresce, at\u00e9 tornar-se arrebatador, maior do que qualquer lei, maior at\u00e9 que o cosmos que tenta separ\u00e1-los. <\/p>\n<p class=\"wp-block-paragraph\"><strong>Agenda na Bienal do Livro SP: <\/strong>sess\u00e3o de aut\u00f3grafos no dia 06\/09, \u00e0s 16h, no estande da Crush Liter\u00e1rio.<\/p>\n<figure class=\"wp-block-image size-full\"><img loading=\"lazy\" decoding=\"async\" width=\"1920\" height=\"1080\" src=\"https:\/\/nerdizmo.ig.com.br\/wp-content\/uploads\/2026\/09\/bienal_livro_sp_2026_indicacao_livros_fantasia_romantasia_lavanda_literaria_img03.jpg\" alt=\"\" class=\"wp-image-154431\" srcset=\"https:\/\/nerdizmo.ig.com.br\/wp-content\/uploads\/2026\/09\/bienal_livro_sp_2026_indicacao_livros_fantasia_romantasia_lavanda_literaria_img03.jpg 1920w, https:\/\/nerdizmo.ig.com.br\/wp-content\/uploads\/2026\/09\/bienal_livro_sp_2026_indicacao_livros_fantasia_romantasia_lavanda_literaria_img03-768x432.jpg 768w, https:\/\/nerdizmo.ig.com.br\/wp-content\/uploads\/2026\/09\/bienal_livro_sp_2026_indicacao_livros_fantasia_romantasia_lavanda_literaria_img03-1536x864.jpg 1536w\" sizes=\"auto, (max-width: 1920px) 100vw, 1920px\"\/><\/figure>\n<p class=\"wp-block-paragraph\"><strong>Autora: <\/strong>Tamara Mansur. <strong>Editora:<\/strong> Vermelho Marinho<\/p>\n<p class=\"wp-block-paragraph\">Sinopse: At\u00e9 onde voc\u00ea iria para mudar o seu destino? P\u00e9rola sempre achou que a vida em Fenda Nova era pequena demais para os seus desejos. Enquanto o pai, r\u00edgido e inflex\u00edvel, insiste que seus sonhos n\u00e3o t\u00eam futuro, ela guarda em sil\u00eancio a vontade de escapar da monotonia da cidade, construindo uma vida realmente sua. Mas, uma trag\u00e9dia muda todos os seus planos. Nesse vazio, P\u00e9rola percebe algo no estranho vizinho da casa da frente, um homem silencioso, de olhar perdido no tempo, que observa a rua como quem aguarda um sinal. H\u00e1 algo errado nele\u2026 e algo ainda mais errado no que ele sabe. Um segredo que deveria permanecer enterrado. P\u00e9rola sabe que ningu\u00e9m muda o passado. Ningu\u00e9m deveria mudar. Mas talvez ela possa tentar. <\/p>\n<p class=\"wp-block-paragraph\"><strong>Agenda na Bienal do Livro SP: <\/strong>sess\u00e3o de aut\u00f3grafos no estande da Crush Liter\u00e1rio dia 07\/09. \u00e0s 13h.<\/p>\n<figure class=\"wp-block-image size-full\"><img loading=\"lazy\" decoding=\"async\" width=\"1920\" height=\"1080\" src=\"https:\/\/nerdizmo.ig.com.br\/wp-content\/uploads\/2026\/09\/bienal_livro_sp_2026_indicacao_livros_fantasia_romantasia_lavanda_literaria_img02.jpg\" alt=\"\" class=\"wp-image-154432\" srcset=\"https:\/\/nerdizmo.ig.com.br\/wp-content\/uploads\/2026\/09\/bienal_livro_sp_2026_indicacao_livros_fantasia_romantasia_lavanda_literaria_img02.jpg 1920w, https:\/\/nerdizmo.ig.com.br\/wp-content\/uploads\/2026\/09\/bienal_livro_sp_2026_indicacao_livros_fantasia_romantasia_lavanda_literaria_img02-768x432.jpg 768w, https:\/\/nerdizmo.ig.com.br\/wp-content\/uploads\/2026\/09\/bienal_livro_sp_2026_indicacao_livros_fantasia_romantasia_lavanda_literaria_img02-1536x864.jpg 1536w\" sizes=\"auto, (max-width: 1920px) 100vw, 1920px\"\/><\/figure>\n<p class=\"wp-block-paragraph\"><strong>Autora: <\/strong>Anna Martino. <strong>Editora: <\/strong>Madame Houdini <\/p>\n<p class=\"wp-block-paragraph\">Sinopse: Bem debaixo do nariz da respeit\u00e1vel sociedade londrina do s\u00e9culo XIX, um mundo de seres m\u00e1gicos aguarda para ser desvendado. Theo Jansen, que n\u00e3o \u00e9 especialista em magia \u2014 apenas em tintas \u2014 \u00e9 chamado para investigar um suposto quadro amaldi\u00e7oado, que retrata uma mo\u00e7a segurando uma rom\u00e3 em um vestido dourado. Sem perceber, ele se v\u00ea cativado pela beleza da pintura, que parece at\u00e9 falar com ele. Quando a figura desaparece da tela, Theo acaba envolvido em um mist\u00e9rio que pode colocar em risco o furac\u00e3o de cores que transformou seus dias. Acostumado a uma vida em tons de azul, agora ele precisa descobrir segredos do passado e encarar seus verdadeiros sentimentos para salvar a \u00fanica coisa que fez sentido em anos: sua amada.<\/p>\n<p class=\"wp-block-paragraph\"><strong>Agenda na Bienal do Livro SP: <\/strong>sess\u00e3o de aut\u00f3grafo no dia 05\/09, a partir das 14h, no estande da editora Madame Houdini, na travessa liter\u00e1ria.<\/p>\n<h2 class=\"wp-block-heading\">O V\u00e9u da Bruxa<\/h2>\n<p class=\"wp-block-paragraph\"><strong>Autor:<\/strong> R. J. A. Alves<\/p>\n<p class=\"wp-block-paragraph\"><strong>Sinopse:<\/strong> Em uma aldeia onde antigas tradi\u00e7\u00f5es sobrevivem em segredo, Eva completa dezesseis anos e \u00e9 iniciada como sacerdotisa da Deusa durante o sab\u00e1 de Beltane. Mas quando o c\u00e1lice sagrado transborda em suas m\u00e3os, ela \u00e9 escolhida como a pr\u00f3xima Sumo Sacerdotisa \u2014 algo que jamais ocorreu com algu\u00e9m t\u00e3o jovem. Agora, enquanto tenta compreender seu destino, Eva se v\u00ea envolvida por intrigas, press\u00e1gios sombrios, antigas profecias e por Alan, um belo jovem que desperta nela sentimentos intensos inexplic\u00e1veis. Em meio a felicidade a escurid\u00e3o come\u00e7a a se erguer\u2026 Conseguir\u00e1 Eva resistir aos desafios \u00e0 frente? Ou sucumbir\u00e1 perante seus inimigos? <\/p>\n<p class=\"wp-block-paragraph\"><strong>Agenda na Bienal do Livro SP:<\/strong> sess\u00e3o de aut\u00f3grafos no dia 12\/09, \u00e0s 15h, no estande no estande da Crush Liter\u00e1rio.<\/p>\n<h2 class=\"wp-block-heading\">Feitos de Trevas e Tormentos<\/h2>\n<p class=\"wp-block-paragraph\"><strong>Autores: <\/strong>Mari Vieira e Vilto Reis. <strong>Editora:<\/strong> Flyve.<\/p>\n<p class=\"wp-block-paragraph\"><strong>Sinopse: <\/strong>Aten\u00e7\u00e3o, mortal. Voc\u00ea n\u00e3o se inscreveu. Voc\u00ea foi marcado. A Universidade dos Vampiros n\u00e3o aceita alunos. Ela os captura. Corra. Esconda-se. Reze. Porque quando o sino bater, a ca\u00e7ada come\u00e7a \u2013 e a Fam\u00edlia que te pegar primeiro\u2026 fica com voc\u00ea. <\/p>\n<p class=\"wp-block-paragraph\"><strong>Agenda na Bienal do Livro SP: <\/strong>ao lado de Vilto Reis, Mari far\u00e1 uma sess\u00e3o de aut\u00f3grafos no dia 12\/09, \u00e0s 15h, no estande da editora Flyve.<\/p>\n<p class=\"wp-block-paragraph\"><strong>Servi\u00e7o:<\/strong><br \/>28a Bienal Internacional do Livro de S\u00e3o Paulo 2026<br \/><strong>Data: <\/strong>4 a 13 de setembro de 2026<br \/><strong>Local: <\/strong>Distrito Anhembi (Av. Olavo Fontoura, 1.209, Santana, Sao Paulo \u2013 SP)<\/p>\n<p class=\"wp-block-paragraph\"><strong>Hor\u00e1rios:<\/strong><br \/>Segunda a sexta, das 9h \u00e0s 22h. S\u00e1bado e domingo, das 10h \u00e0s 22h. Domingo (13\/09), das 10h \u00e0s 21h. Ingressos: Dispon\u00edveis no site oficial do evento.<\/p>\n<p class=\"wp-block-paragraph\"><strong><a href=\"https:\/\/www.bienaldolivrosp.com.br\/pt-br.html\">Mais informa\u00e7\u00f5es no site oficial da Bienal do Livro de S\u00e3o Paulo 2026<\/a><\/strong><\/p>\n<p><!-- CONTENT END 1 --><\/p><\/div>\n","protected":false},"excerpt":{"rendered":"<p>Feiticeiros. Bruxos. Monstros. Deuses. Criaturas m\u00e1gicas. A literatura fant\u00e1stica possui uma enorme gama de seres \u201cde outro mundo\u201d. Entre lendas, maldi\u00e7\u00f5es, amigos e vil\u00f5es, o leitor \u00e9 convidado a conhecer desde vales ensolarados at\u00e9 portais para reinos desconhecidos pela maioria dos humanos. Para que esse p\u00fablico de fantasia e romantasia possa ir preparado para a &hellip;<\/p>\n","protected":false},"author":1,"featured_media":24004,"comment_status":"open","ping_status":"open","sticky":false,"template":"","format":"standard","meta":{"_bbp_topic_count":0,"_bbp_reply_count":0,"_bbp_total_topic_count":0,"_bbp_total_reply_count":0,"_bbp_voice_count":0,"_bbp_anonymous_reply_count":0,"_bbp_topic_count_hidden":0,"_bbp_reply_count_hidden":0,"_bbp_forum_subforum_count":0,"om_disable_all_campaigns":false,"_monsterinsights_skip_tracking":false,"_shortscore_rating":"","_shortscore_game":"","_shortscore_summary":"","footnotes":""},"categories":[92],"tags":[3983,7119,1524,1509,12352,12353,9795,1510,1528,12354,8865,12355,12356,1709,12357,12358,12359,12360,12361,12362,12363,7908,3986,1439,1483,12364,12365,12366,12367,12368,12369,11188,12370,12371,642,1571,12372,12373,12374,12375,1521,11175,11139,1570,12376,12377,12378,12379],"coauthors":[393],"class_list":["post-24003","post","type-post","status-publish","format-standard","has-post-thumbnail","hentry","category-geek","tag-anna-martino","tag-autores-nacionais","tag-bienal","tag-bienal-do-livro","tag-bienal-do-livro-2026","tag-cabana-vermelha","tag-cabeca-na-nuvem","tag-carol-facanha","tag-conhecer","tag-crush-literario","tag-cultura-geek","tag-deusa-de-furia","tag-evany-cristina-campos","tag-fantasia","tag-feitos-de-trevas-de-tormentos","tag-flauta-de-bambu","tag-flyve","tag-fml-pepper","tag-giu-yukari-murakami","tag-helena-lopes","tag-ignis-lacrimosa","tag-literatura-fantastica","tag-literatura-nacional","tag-livro","tag-livros","tag-livros-brasileiros","tag-luiza-rosa","tag-madame-houdini","tag-mari-vieira","tag-o-veneno-da-vibora","tag-o-veu-da-bruxa","tag-oculta","tag-odile","tag-outro-planeta","tag-para","tag-paulo","tag-perolas-do-tempo","tag-proserpina","tag-quando-a-lua-tocou-a-terra","tag-r-j-a-alves","tag-renan-carvalho","tag-rocco","tag-romantasia","tag-sao","tag-sessao-de-autografos","tag-tamara-mansur","tag-vermelho-marinho","tag-vilto-reis"],"aioseo_notices":[],"aioseo_head":"\n\t\t<!-- All in One SEO 5.0.1.1 - aioseo.com -->\n\t<meta name=\"description\" content=\"Feiticeiros. Bruxos. Monstros. Deuses. Criaturas m\u00e1gicas. A literatura fant\u00e1stica possui uma enorme gama de seres \u201cde outro mundo\u201d. Entre lendas, maldi\u00e7\u00f5es, amigos e vil\u00f5es, o leitor \u00e9 convidado a conhecer desde vales ensolarados at\u00e9 portais para reinos desconhecidos pela maioria dos humanos. Para que esse p\u00fablico de fantasia e romantasia possa ir preparado para a\" \/>\n\t<meta name=\"robots\" content=\"max-image-preview:large\" \/>\n\t<meta name=\"author\" content=\"Fagner Lopes\"\/>\n\t<link rel=\"canonical\" href=\"https:\/\/obewise.com.br\/index.php\/2026\/09\/05\/11-livros-de-fantasia-e-romantasia-para-conhecer-na-bienal-do-livro-de-sao-paulo-2026\/\" \/>\n\t<meta name=\"generator\" content=\"All in One SEO (AIOSEO) 5.0.1.1\" \/>\n\t\t<meta property=\"og:locale\" content=\"pt_BR\" \/>\n\t\t<meta property=\"og:site_name\" content=\"Obewise - Entretenimento e Network\" \/>\n\t\t<meta property=\"og:type\" content=\"article\" \/>\n\t\t<meta property=\"og:title\" content=\"11 livros de fantasia e romantasia para conhecer na Bienal do Livro de S\u00e3o Paulo 2026 - Obewise\" \/>\n\t\t<meta property=\"og:description\" content=\"Feiticeiros. Bruxos. Monstros. Deuses. Criaturas m\u00e1gicas. A literatura fant\u00e1stica possui uma enorme gama de seres \u201cde outro mundo\u201d. Entre lendas, maldi\u00e7\u00f5es, amigos e vil\u00f5es, o leitor \u00e9 convidado a conhecer desde vales ensolarados at\u00e9 portais para reinos desconhecidos pela maioria dos humanos. Para que esse p\u00fablico de fantasia e romantasia possa ir preparado para a\" \/>\n\t\t<meta property=\"og:url\" content=\"https:\/\/obewise.com.br\/index.php\/2026\/09\/05\/11-livros-de-fantasia-e-romantasia-para-conhecer-na-bienal-do-livro-de-sao-paulo-2026\/\" \/>\n\t\t<meta property=\"article:published_time\" content=\"2026-09-05T01:28:56+00:00\" \/>\n\t\t<meta property=\"article:modified_time\" content=\"2026-09-05T01:28:56+00:00\" \/>\n\t\t<meta property=\"article:publisher\" content=\"https:\/\/www.facebook.com\/obewisenetwork\" \/>\n\t\t<meta name=\"twitter:card\" content=\"summary_large_image\" \/>\n\t\t<meta name=\"twitter:site\" content=\"@obewisenetwork\" \/>\n\t\t<meta name=\"twitter:title\" content=\"11 livros de fantasia e romantasia para conhecer na Bienal do Livro de S\u00e3o Paulo 2026 - Obewise\" \/>\n\t\t<meta name=\"twitter:description\" content=\"Feiticeiros. Bruxos. Monstros. Deuses. Criaturas m\u00e1gicas. A literatura fant\u00e1stica possui uma enorme gama de seres \u201cde outro mundo\u201d. Entre lendas, maldi\u00e7\u00f5es, amigos e vil\u00f5es, o leitor \u00e9 convidado a conhecer desde vales ensolarados at\u00e9 portais para reinos desconhecidos pela maioria dos humanos. Para que esse p\u00fablico de fantasia e romantasia possa ir preparado para a\" \/>\n\t\t<meta name=\"twitter:creator\" content=\"@obewisenetwork\" \/>\n\t\t<script type=\"application\/ld+json\" class=\"aioseo-schema\">\n\t\t\t{\"@context\":\"https:\\\/\\\/schema.org\",\"@graph\":[{\"@type\":\"BlogPosting\",\"@id\":\"https:\\\/\\\/obewise.com.br\\\/index.php\\\/2026\\\/09\\\/05\\\/11-livros-de-fantasia-e-romantasia-para-conhecer-na-bienal-do-livro-de-sao-paulo-2026\\\/#blogposting\",\"name\":\"11 livros de fantasia e romantasia para conhecer na Bienal do Livro de S\\u00e3o Paulo 2026 - Obewise\",\"headline\":\"11 livros de fantasia e romantasia para conhecer na Bienal do Livro de S\\u00e3o Paulo 2026\",\"author\":{\"@id\":\"https:\\\/\\\/obewise.com.br\\\/index.php\\\/author\\\/fagnerlopes\\\/#author\"},\"publisher\":{\"@id\":\"https:\\\/\\\/obewise.com.br\\\/#organization\"},\"image\":{\"@type\":\"ImageObject\",\"url\":\"https:\\\/\\\/obewise.com.br\\\/wp-content\\\/uploads\\\/2026\\\/09\\\/bienal_livro_sp_2026_indicacao_livros_fantasia_romantasia_lavanda_literaria_img01.jpg\",\"width\":1920,\"height\":1080},\"datePublished\":\"2026-09-05T01:28:56+00:00\",\"dateModified\":\"2026-09-05T01:28:56+00:00\",\"inLanguage\":\"pt-BR\",\"mainEntityOfPage\":{\"@id\":\"https:\\\/\\\/obewise.com.br\\\/index.php\\\/2026\\\/09\\\/05\\\/11-livros-de-fantasia-e-romantasia-para-conhecer-na-bienal-do-livro-de-sao-paulo-2026\\\/#webpage\"},\"isPartOf\":{\"@id\":\"https:\\\/\\\/obewise.com.br\\\/index.php\\\/2026\\\/09\\\/05\\\/11-livros-de-fantasia-e-romantasia-para-conhecer-na-bienal-do-livro-de-sao-paulo-2026\\\/#webpage\"},\"articleSection\":\"Geek, Anna Martino, Autores Nacionais, Bienal, Bienal do Livro, Bienal do Livro 2026, Cabana Vermelha, Cabe\\u00e7a na Nuvem, Carol Fa\\u00e7anha, conhecer, Crush Liter\\u00e1rio, cultura geek, Deusa de F\\u00faria, \\u00c9vany Cristina Campos, fantasia, Feitos de Trevas de Tormentos, Flauta de Bambu, Flyve, FML Pepper, Giu Yukari Murakami, Helena Lopes, Ignis Lacrimosa, Literatura Fant\\u00e1stica, Literatura Nacional, Livro, Livros, Livros Brasileiros, Luiza Rosa, Madame Houdini, Mari Vieira, O Veneno da V\\u00edbora, O V\\u00e9u da Bruxa, oculta, Odile, Outro Planeta, para, Paulo, P\\u00e9rolas do Tempo, Pros\\u00e9rpina, Quando a Lua Tocou a Terra, R. J. A. Alves, Renan Carvalho, Rocco, Romantasia, S\\u00e3o, Sess\\u00e3o de Aut\\u00f3grafos, Tamara Mansur, Vermelho Marinho, Vilto Reis, FagnerLopes\"},{\"@type\":\"BreadcrumbList\",\"@id\":\"https:\\\/\\\/obewise.com.br\\\/index.php\\\/2026\\\/09\\\/05\\\/11-livros-de-fantasia-e-romantasia-para-conhecer-na-bienal-do-livro-de-sao-paulo-2026\\\/#breadcrumblist\",\"itemListElement\":[{\"@type\":\"ListItem\",\"@id\":\"https:\\\/\\\/obewise.com.br#listItem\",\"position\":1,\"name\":\"Home\",\"item\":\"https:\\\/\\\/obewise.com.br\",\"nextItem\":{\"@type\":\"ListItem\",\"@id\":\"https:\\\/\\\/obewise.com.br\\\/index.php\\\/category\\\/geek\\\/#listItem\",\"name\":\"Geek\"}},{\"@type\":\"ListItem\",\"@id\":\"https:\\\/\\\/obewise.com.br\\\/index.php\\\/category\\\/geek\\\/#listItem\",\"position\":2,\"name\":\"Geek\",\"item\":\"https:\\\/\\\/obewise.com.br\\\/index.php\\\/category\\\/geek\\\/\",\"nextItem\":{\"@type\":\"ListItem\",\"@id\":\"https:\\\/\\\/obewise.com.br\\\/index.php\\\/2026\\\/09\\\/05\\\/11-livros-de-fantasia-e-romantasia-para-conhecer-na-bienal-do-livro-de-sao-paulo-2026\\\/#listItem\",\"name\":\"11 livros de fantasia e romantasia para conhecer na Bienal do Livro de S\\u00e3o Paulo 2026\"},\"previousItem\":{\"@type\":\"ListItem\",\"@id\":\"https:\\\/\\\/obewise.com.br#listItem\",\"name\":\"Home\"}},{\"@type\":\"ListItem\",\"@id\":\"https:\\\/\\\/obewise.com.br\\\/index.php\\\/2026\\\/09\\\/05\\\/11-livros-de-fantasia-e-romantasia-para-conhecer-na-bienal-do-livro-de-sao-paulo-2026\\\/#listItem\",\"position\":3,\"name\":\"11 livros de fantasia e romantasia para conhecer na Bienal do Livro de S\\u00e3o Paulo 2026\",\"previousItem\":{\"@type\":\"ListItem\",\"@id\":\"https:\\\/\\\/obewise.com.br\\\/index.php\\\/category\\\/geek\\\/#listItem\",\"name\":\"Geek\"}}]},{\"@type\":\"Organization\",\"@id\":\"https:\\\/\\\/obewise.com.br\\\/#organization\",\"name\":\"Obewise Entertainment Network\",\"description\":\"Entretenimento e Network\",\"url\":\"https:\\\/\\\/obewise.com.br\\\/\",\"telephone\":\"+5511963153854\",\"logo\":{\"@type\":\"ImageObject\",\"url\":\"https:\\\/\\\/obewise.com.br\\\/wp-content\\\/uploads\\\/2022\\\/12\\\/abstract-logo-maker-for-corporations-1530.png\",\"@id\":\"https:\\\/\\\/obewise.com.br\\\/index.php\\\/2026\\\/09\\\/05\\\/11-livros-de-fantasia-e-romantasia-para-conhecer-na-bienal-do-livro-de-sao-paulo-2026\\\/#organizationLogo\",\"width\":4000,\"height\":4000},\"image\":{\"@id\":\"https:\\\/\\\/obewise.com.br\\\/index.php\\\/2026\\\/09\\\/05\\\/11-livros-de-fantasia-e-romantasia-para-conhecer-na-bienal-do-livro-de-sao-paulo-2026\\\/#organizationLogo\"},\"sameAs\":[\"https:\\\/\\\/www.facebook.com\\\/obewisenetwork\",\"https:\\\/\\\/twitter.com\\\/obewisenetwork\",\"https:\\\/\\\/www.instagram.com\\\/obewise.network\\\/\",\"https:\\\/\\\/soundcloud.com\\\/obewiseradio\"]},{\"@type\":\"Person\",\"@id\":\"https:\\\/\\\/obewise.com.br\\\/index.php\\\/author\\\/fagnerlopes\\\/#author\",\"url\":\"https:\\\/\\\/obewise.com.br\\\/index.php\\\/author\\\/fagnerlopes\\\/\",\"name\":\"Fagner Lopes\",\"image\":{\"@type\":\"ImageObject\",\"@id\":\"https:\\\/\\\/obewise.com.br\\\/index.php\\\/2026\\\/09\\\/05\\\/11-livros-de-fantasia-e-romantasia-para-conhecer-na-bienal-do-livro-de-sao-paulo-2026\\\/#authorImage\",\"url\":\"https:\\\/\\\/obewise.com.br\\\/wp-content\\\/uploads\\\/avatars\\\/1\\\/1668544069-bpfull.jpg\",\"width\":96,\"height\":96,\"caption\":\"Fagner Lopes\"}},{\"@type\":\"WebPage\",\"@id\":\"https:\\\/\\\/obewise.com.br\\\/index.php\\\/2026\\\/09\\\/05\\\/11-livros-de-fantasia-e-romantasia-para-conhecer-na-bienal-do-livro-de-sao-paulo-2026\\\/#webpage\",\"url\":\"https:\\\/\\\/obewise.com.br\\\/index.php\\\/2026\\\/09\\\/05\\\/11-livros-de-fantasia-e-romantasia-para-conhecer-na-bienal-do-livro-de-sao-paulo-2026\\\/\",\"name\":\"11 livros de fantasia e romantasia para conhecer na Bienal do Livro de S\\u00e3o Paulo 2026 - Obewise\",\"description\":\"Feiticeiros. Bruxos. Monstros. Deuses. Criaturas m\\u00e1gicas. A literatura fant\\u00e1stica possui uma enorme gama de seres \\u201cde outro mundo\\u201d. Entre lendas, maldi\\u00e7\\u00f5es, amigos e vil\\u00f5es, o leitor \\u00e9 convidado a conhecer desde vales ensolarados at\\u00e9 portais para reinos desconhecidos pela maioria dos humanos. Para que esse p\\u00fablico de fantasia e romantasia possa ir preparado para a\",\"inLanguage\":\"pt-BR\",\"isPartOf\":{\"@id\":\"https:\\\/\\\/obewise.com.br\\\/#website\"},\"breadcrumb\":{\"@id\":\"https:\\\/\\\/obewise.com.br\\\/index.php\\\/2026\\\/09\\\/05\\\/11-livros-de-fantasia-e-romantasia-para-conhecer-na-bienal-do-livro-de-sao-paulo-2026\\\/#breadcrumblist\"},\"author\":{\"@id\":\"https:\\\/\\\/obewise.com.br\\\/index.php\\\/author\\\/fagnerlopes\\\/#author\"},\"creator\":{\"@id\":\"https:\\\/\\\/obewise.com.br\\\/index.php\\\/author\\\/fagnerlopes\\\/#author\"},\"image\":{\"@type\":\"ImageObject\",\"url\":\"https:\\\/\\\/obewise.com.br\\\/wp-content\\\/uploads\\\/2026\\\/09\\\/bienal_livro_sp_2026_indicacao_livros_fantasia_romantasia_lavanda_literaria_img01.jpg\",\"@id\":\"https:\\\/\\\/obewise.com.br\\\/index.php\\\/2026\\\/09\\\/05\\\/11-livros-de-fantasia-e-romantasia-para-conhecer-na-bienal-do-livro-de-sao-paulo-2026\\\/#mainImage\",\"width\":1920,\"height\":1080},\"primaryImageOfPage\":{\"@id\":\"https:\\\/\\\/obewise.com.br\\\/index.php\\\/2026\\\/09\\\/05\\\/11-livros-de-fantasia-e-romantasia-para-conhecer-na-bienal-do-livro-de-sao-paulo-2026\\\/#mainImage\"},\"datePublished\":\"2026-09-05T01:28:56+00:00\",\"dateModified\":\"2026-09-05T01:28:56+00:00\"},{\"@type\":\"WebSite\",\"@id\":\"https:\\\/\\\/obewise.com.br\\\/#website\",\"url\":\"https:\\\/\\\/obewise.com.br\\\/\",\"name\":\"Obewise\",\"description\":\"Entretenimento e Network\",\"inLanguage\":\"pt-BR\",\"publisher\":{\"@id\":\"https:\\\/\\\/obewise.com.br\\\/#organization\"}}]}\n\t\t<\/script>\n\t\t<!-- All in One SEO -->\n\n","aioseo_head_json":{"title":"11 livros de fantasia e romantasia para conhecer na Bienal do Livro de S\u00e3o Paulo 2026 - Obewise","description":"Feiticeiros. Bruxos. Monstros. Deuses. Criaturas m\u00e1gicas. A literatura fant\u00e1stica possui uma enorme gama de seres \u201cde outro mundo\u201d. Entre lendas, maldi\u00e7\u00f5es, amigos e vil\u00f5es, o leitor \u00e9 convidado a conhecer desde vales ensolarados at\u00e9 portais para reinos desconhecidos pela maioria dos humanos. Para que esse p\u00fablico de fantasia e romantasia possa ir preparado para a","canonical_url":"https:\/\/obewise.com.br\/index.php\/2026\/09\/05\/11-livros-de-fantasia-e-romantasia-para-conhecer-na-bienal-do-livro-de-sao-paulo-2026\/","robots":"max-image-preview:large","keywords":"","webmasterTools":{"miscellaneous":""},"schema":{"@context":"https:\/\/schema.org","@graph":[{"@type":"BlogPosting","@id":"https:\/\/obewise.com.br\/index.php\/2026\/09\/05\/11-livros-de-fantasia-e-romantasia-para-conhecer-na-bienal-do-livro-de-sao-paulo-2026\/#blogposting","name":"11 livros de fantasia e romantasia para conhecer na Bienal do Livro de S\u00e3o Paulo 2026 - Obewise","headline":"11 livros de fantasia e romantasia para conhecer na Bienal do Livro de S\u00e3o Paulo 2026","author":{"@id":"https:\/\/obewise.com.br\/index.php\/author\/fagnerlopes\/#author"},"publisher":{"@id":"https:\/\/obewise.com.br\/#organization"},"image":{"@type":"ImageObject","url":"https:\/\/obewise.com.br\/wp-content\/uploads\/2026\/09\/bienal_livro_sp_2026_indicacao_livros_fantasia_romantasia_lavanda_literaria_img01.jpg","width":1920,"height":1080},"datePublished":"2026-09-05T01:28:56+00:00","dateModified":"2026-09-05T01:28:56+00:00","inLanguage":"pt-BR","mainEntityOfPage":{"@id":"https:\/\/obewise.com.br\/index.php\/2026\/09\/05\/11-livros-de-fantasia-e-romantasia-para-conhecer-na-bienal-do-livro-de-sao-paulo-2026\/#webpage"},"isPartOf":{"@id":"https:\/\/obewise.com.br\/index.php\/2026\/09\/05\/11-livros-de-fantasia-e-romantasia-para-conhecer-na-bienal-do-livro-de-sao-paulo-2026\/#webpage"},"articleSection":"Geek, Anna Martino, Autores Nacionais, Bienal, Bienal do Livro, Bienal do Livro 2026, Cabana Vermelha, Cabe\u00e7a na Nuvem, Carol Fa\u00e7anha, conhecer, Crush Liter\u00e1rio, cultura geek, Deusa de F\u00faria, \u00c9vany Cristina Campos, fantasia, Feitos de Trevas de Tormentos, Flauta de Bambu, Flyve, FML Pepper, Giu Yukari Murakami, Helena Lopes, Ignis Lacrimosa, Literatura Fant\u00e1stica, Literatura Nacional, Livro, Livros, Livros Brasileiros, Luiza Rosa, Madame Houdini, Mari Vieira, O Veneno da V\u00edbora, O V\u00e9u da Bruxa, oculta, Odile, Outro Planeta, para, Paulo, P\u00e9rolas do Tempo, Pros\u00e9rpina, Quando a Lua Tocou a Terra, R. J. A. Alves, Renan Carvalho, Rocco, Romantasia, S\u00e3o, Sess\u00e3o de Aut\u00f3grafos, Tamara Mansur, Vermelho Marinho, Vilto Reis, FagnerLopes"},{"@type":"BreadcrumbList","@id":"https:\/\/obewise.com.br\/index.php\/2026\/09\/05\/11-livros-de-fantasia-e-romantasia-para-conhecer-na-bienal-do-livro-de-sao-paulo-2026\/#breadcrumblist","itemListElement":[{"@type":"ListItem","@id":"https:\/\/obewise.com.br#listItem","position":1,"name":"Home","item":"https:\/\/obewise.com.br","nextItem":{"@type":"ListItem","@id":"https:\/\/obewise.com.br\/index.php\/category\/geek\/#listItem","name":"Geek"}},{"@type":"ListItem","@id":"https:\/\/obewise.com.br\/index.php\/category\/geek\/#listItem","position":2,"name":"Geek","item":"https:\/\/obewise.com.br\/index.php\/category\/geek\/","nextItem":{"@type":"ListItem","@id":"https:\/\/obewise.com.br\/index.php\/2026\/09\/05\/11-livros-de-fantasia-e-romantasia-para-conhecer-na-bienal-do-livro-de-sao-paulo-2026\/#listItem","name":"11 livros de fantasia e romantasia para conhecer na Bienal do Livro de S\u00e3o Paulo 2026"},"previousItem":{"@type":"ListItem","@id":"https:\/\/obewise.com.br#listItem","name":"Home"}},{"@type":"ListItem","@id":"https:\/\/obewise.com.br\/index.php\/2026\/09\/05\/11-livros-de-fantasia-e-romantasia-para-conhecer-na-bienal-do-livro-de-sao-paulo-2026\/#listItem","position":3,"name":"11 livros de fantasia e romantasia para conhecer na Bienal do Livro de S\u00e3o Paulo 2026","previousItem":{"@type":"ListItem","@id":"https:\/\/obewise.com.br\/index.php\/category\/geek\/#listItem","name":"Geek"}}]},{"@type":"Organization","@id":"https:\/\/obewise.com.br\/#organization","name":"Obewise Entertainment Network","description":"Entretenimento e Network","url":"https:\/\/obewise.com.br\/","telephone":"+5511963153854","logo":{"@type":"ImageObject","url":"https:\/\/obewise.com.br\/wp-content\/uploads\/2022\/12\/abstract-logo-maker-for-corporations-1530.png","@id":"https:\/\/obewise.com.br\/index.php\/2026\/09\/05\/11-livros-de-fantasia-e-romantasia-para-conhecer-na-bienal-do-livro-de-sao-paulo-2026\/#organizationLogo","width":4000,"height":4000},"image":{"@id":"https:\/\/obewise.com.br\/index.php\/2026\/09\/05\/11-livros-de-fantasia-e-romantasia-para-conhecer-na-bienal-do-livro-de-sao-paulo-2026\/#organizationLogo"},"sameAs":["https:\/\/www.facebook.com\/obewisenetwork","https:\/\/twitter.com\/obewisenetwork","https:\/\/www.instagram.com\/obewise.network\/","https:\/\/soundcloud.com\/obewiseradio"]},{"@type":"Person","@id":"https:\/\/obewise.com.br\/index.php\/author\/fagnerlopes\/#author","url":"https:\/\/obewise.com.br\/index.php\/author\/fagnerlopes\/","name":"Fagner Lopes","image":{"@type":"ImageObject","@id":"https:\/\/obewise.com.br\/index.php\/2026\/09\/05\/11-livros-de-fantasia-e-romantasia-para-conhecer-na-bienal-do-livro-de-sao-paulo-2026\/#authorImage","url":"https:\/\/obewise.com.br\/wp-content\/uploads\/avatars\/1\/1668544069-bpfull.jpg","width":96,"height":96,"caption":"Fagner Lopes"}},{"@type":"WebPage","@id":"https:\/\/obewise.com.br\/index.php\/2026\/09\/05\/11-livros-de-fantasia-e-romantasia-para-conhecer-na-bienal-do-livro-de-sao-paulo-2026\/#webpage","url":"https:\/\/obewise.com.br\/index.php\/2026\/09\/05\/11-livros-de-fantasia-e-romantasia-para-conhecer-na-bienal-do-livro-de-sao-paulo-2026\/","name":"11 livros de fantasia e romantasia para conhecer na Bienal do Livro de S\u00e3o Paulo 2026 - Obewise","description":"Feiticeiros. Bruxos. Monstros. Deuses. Criaturas m\u00e1gicas. A literatura fant\u00e1stica possui uma enorme gama de seres \u201cde outro mundo\u201d. Entre lendas, maldi\u00e7\u00f5es, amigos e vil\u00f5es, o leitor \u00e9 convidado a conhecer desde vales ensolarados at\u00e9 portais para reinos desconhecidos pela maioria dos humanos. Para que esse p\u00fablico de fantasia e romantasia possa ir preparado para a","inLanguage":"pt-BR","isPartOf":{"@id":"https:\/\/obewise.com.br\/#website"},"breadcrumb":{"@id":"https:\/\/obewise.com.br\/index.php\/2026\/09\/05\/11-livros-de-fantasia-e-romantasia-para-conhecer-na-bienal-do-livro-de-sao-paulo-2026\/#breadcrumblist"},"author":{"@id":"https:\/\/obewise.com.br\/index.php\/author\/fagnerlopes\/#author"},"creator":{"@id":"https:\/\/obewise.com.br\/index.php\/author\/fagnerlopes\/#author"},"image":{"@type":"ImageObject","url":"https:\/\/obewise.com.br\/wp-content\/uploads\/2026\/09\/bienal_livro_sp_2026_indicacao_livros_fantasia_romantasia_lavanda_literaria_img01.jpg","@id":"https:\/\/obewise.com.br\/index.php\/2026\/09\/05\/11-livros-de-fantasia-e-romantasia-para-conhecer-na-bienal-do-livro-de-sao-paulo-2026\/#mainImage","width":1920,"height":1080},"primaryImageOfPage":{"@id":"https:\/\/obewise.com.br\/index.php\/2026\/09\/05\/11-livros-de-fantasia-e-romantasia-para-conhecer-na-bienal-do-livro-de-sao-paulo-2026\/#mainImage"},"datePublished":"2026-09-05T01:28:56+00:00","dateModified":"2026-09-05T01:28:56+00:00"},{"@type":"WebSite","@id":"https:\/\/obewise.com.br\/#website","url":"https:\/\/obewise.com.br\/","name":"Obewise","description":"Entretenimento e Network","inLanguage":"pt-BR","publisher":{"@id":"https:\/\/obewise.com.br\/#organization"}}]},"og:locale":"pt_BR","og:site_name":"Obewise - Entretenimento e Network","og:type":"article","og:title":"11 livros de fantasia e romantasia para conhecer na Bienal do Livro de S\u00e3o Paulo 2026 - Obewise","og:description":"Feiticeiros. Bruxos. Monstros. Deuses. Criaturas m\u00e1gicas. A literatura fant\u00e1stica possui uma enorme gama de seres \u201cde outro mundo\u201d. Entre lendas, maldi\u00e7\u00f5es, amigos e vil\u00f5es, o leitor \u00e9 convidado a conhecer desde vales ensolarados at\u00e9 portais para reinos desconhecidos pela maioria dos humanos. Para que esse p\u00fablico de fantasia e romantasia possa ir preparado para a","og:url":"https:\/\/obewise.com.br\/index.php\/2026\/09\/05\/11-livros-de-fantasia-e-romantasia-para-conhecer-na-bienal-do-livro-de-sao-paulo-2026\/","article:published_time":"2026-09-05T01:28:56+00:00","article:modified_time":"2026-09-05T01:28:56+00:00","article:publisher":"https:\/\/www.facebook.com\/obewisenetwork","twitter:card":"summary_large_image","twitter:site":"@obewisenetwork","twitter:title":"11 livros de fantasia e romantasia para conhecer na Bienal do Livro de S\u00e3o Paulo 2026 - Obewise","twitter:description":"Feiticeiros. Bruxos. Monstros. Deuses. Criaturas m\u00e1gicas. A literatura fant\u00e1stica possui uma enorme gama de seres \u201cde outro mundo\u201d. Entre lendas, maldi\u00e7\u00f5es, amigos e vil\u00f5es, o leitor \u00e9 convidado a conhecer desde vales ensolarados at\u00e9 portais para reinos desconhecidos pela maioria dos humanos. Para que esse p\u00fablico de fantasia e romantasia possa ir preparado para a","twitter:creator":"@obewisenetwork"},"aioseo_meta_data":{"post_id":"24003","title":null,"description":null,"keywords":null,"keyphrases":null,"primary_term":null,"canonical_url":null,"og_title":null,"og_description":null,"og_object_type":"default","og_image_type":"default","og_image_url":null,"og_image_width":null,"og_image_height":null,"og_image_custom_url":null,"og_image_custom_fields":null,"og_video":null,"og_custom_url":null,"og_article_section":null,"og_article_tags":null,"twitter_use_og":false,"twitter_card":"default","twitter_image_type":"default","twitter_image_url":null,"twitter_image_custom_url":null,"twitter_image_custom_fields":null,"twitter_title":null,"twitter_description":null,"schema":{"blockGraphs":[],"customGraphs":[],"default":{"data":{"Article":[],"Course":[],"Dataset":[],"FAQPage":[],"Movie":[],"Person":[],"Product":[],"ProductReview":[],"Car":[],"Recipe":[],"Service":[],"SoftwareApplication":[],"WebPage":[]},"graphName":"","isEnabled":true},"graphs":[]},"schema_type":"default","schema_type_options":null,"pillar_content":false,"robots_default":true,"robots_noindex":false,"robots_noarchive":false,"robots_nosnippet":false,"robots_nofollow":false,"robots_noimageindex":false,"robots_noodp":false,"robots_notranslate":false,"robots_max_snippet":null,"robots_max_videopreview":null,"robots_max_imagepreview":"large","priority":null,"frequency":null,"local_seo":null,"breadcrumb_settings":null,"limit_modified_date":false,"ai":null,"created":"2026-09-05 01:54:08","updated":"2026-09-05 01:54:08","seo_analyzer_scan_date":null,"focus_keyword":null,"additional_keywords":null,"truseo_locale":null},"aioseo_breadcrumb":"<div class=\"aioseo-breadcrumbs\"><span class=\"aioseo-breadcrumb\">\n\t\t\t<a href=\"https:\/\/obewise.com.br\" title=\"Home\">Home<\/a>\n\t\t<\/span><span class=\"aioseo-breadcrumb-separator\">&raquo;<\/span><span class=\"aioseo-breadcrumb\">\n\t\t\t<a href=\"https:\/\/obewise.com.br\/index.php\/category\/geek\/\" title=\"Geek\">Geek<\/a>\n\t\t<\/span><span class=\"aioseo-breadcrumb-separator\">&raquo;<\/span><span class=\"aioseo-breadcrumb\">\n\t\t\t11 livros de fantasia e romantasia para conhecer na Bienal do Livro de S\u00e3o Paulo 2026\n\t\t<\/span><\/div>","aioseo_breadcrumb_json":[{"label":"Home","link":"https:\/\/obewise.com.br"},{"label":"Geek","link":"https:\/\/obewise.com.br\/index.php\/category\/geek\/"},{"label":"11 livros de fantasia e romantasia para conhecer na Bienal do Livro de S\u00e3o Paulo 2026","link":"https:\/\/obewise.com.br\/index.php\/2026\/09\/05\/11-livros-de-fantasia-e-romantasia-para-conhecer-na-bienal-do-livro-de-sao-paulo-2026\/"}],"_links":{"self":[{"href":"https:\/\/obewise.com.br\/index.php\/wp-json\/wp\/v2\/posts\/24003","targetHints":{"allow":["GET"]}}],"collection":[{"href":"https:\/\/obewise.com.br\/index.php\/wp-json\/wp\/v2\/posts"}],"about":[{"href":"https:\/\/obewise.com.br\/index.php\/wp-json\/wp\/v2\/types\/post"}],"author":[{"embeddable":true,"href":"https:\/\/obewise.com.br\/index.php\/wp-json\/wp\/v2\/users\/1"}],"replies":[{"embeddable":true,"href":"https:\/\/obewise.com.br\/index.php\/wp-json\/wp\/v2\/comments?post=24003"}],"version-history":[{"count":0,"href":"https:\/\/obewise.com.br\/index.php\/wp-json\/wp\/v2\/posts\/24003\/revisions"}],"wp:featuredmedia":[{"embeddable":true,"href":"https:\/\/obewise.com.br\/index.php\/wp-json\/wp\/v2\/media\/24004"}],"wp:attachment":[{"href":"https:\/\/obewise.com.br\/index.php\/wp-json\/wp\/v2\/media?parent=24003"}],"wp:term":[{"taxonomy":"category","embeddable":true,"href":"https:\/\/obewise.com.br\/index.php\/wp-json\/wp\/v2\/categories?post=24003"},{"taxonomy":"post_tag","embeddable":true,"href":"https:\/\/obewise.com.br\/index.php\/wp-json\/wp\/v2\/tags?post=24003"},{"taxonomy":"author","embeddable":true,"href":"https:\/\/obewise.com.br\/index.php\/wp-json\/wp\/v2\/coauthors?post=24003"}],"curies":[{"name":"wp","href":"https:\/\/api.w.org\/{rel}","templated":true}]}}