{"id":24005,"date":"2026-09-05T02:29:36","date_gmt":"2026-09-05T02:29:36","guid":{"rendered":"https:\/\/obewise.com.br\/index.php\/2026\/09\/05\/escritores-e-livros-infanto-juvenis-para-conhecer-na-bienal-do-livro-sp-2026\/"},"modified":"2026-09-05T02:29:36","modified_gmt":"2026-09-05T02:29:36","slug":"escritores-e-livros-infanto-juvenis-para-conhecer-na-bienal-do-livro-sp-2026","status":"publish","type":"post","link":"https:\/\/obewise.com.br\/index.php\/2026\/09\/05\/escritores-e-livros-infanto-juvenis-para-conhecer-na-bienal-do-livro-sp-2026\/","title":{"rendered":"Escritores e livros infanto-juvenis para conhecer na Bienal do Livro SP 2026"},"content":{"rendered":"<p><\/p>\n<div>\n<p class=\"wp-block-paragraph\">Escritores nacionais chegam na 28\u00aa Bienal Internacional do Livro de S\u00e3o Paulo, que acontece de 4 a 13 de setembro, no Distrito Anhembi, na capital paulista, com obras para inspirar jovens leitores a crescer no mundo dos livros e da imagina\u00e7\u00e3o. Confira alguns autores para conhecer e visitar durante a feira:<\/p>\n<h2 class=\"wp-block-heading\">\u00cdtalo Damasceno<\/h2>\n<figure class=\"wp-block-image size-full\"><img loading=\"lazy\" decoding=\"async\" width=\"1920\" height=\"1080\" src=\"https:\/\/nerdizmo.ig.com.br\/wp-content\/uploads\/2026\/09\/bienal_livro_sp_2026_Italo_Damasceno.jpg\" alt=\"\" class=\"wp-image-154436\" srcset=\"https:\/\/nerdizmo.ig.com.br\/wp-content\/uploads\/2026\/09\/bienal_livro_sp_2026_Italo_Damasceno.jpg 1920w, https:\/\/nerdizmo.ig.com.br\/wp-content\/uploads\/2026\/09\/bienal_livro_sp_2026_Italo_Damasceno-768x432.jpg 768w, https:\/\/nerdizmo.ig.com.br\/wp-content\/uploads\/2026\/09\/bienal_livro_sp_2026_Italo_Damasceno-1536x864.jpg 1536w\" sizes=\"auto, (max-width: 1920px) 100vw, 1920px\"\/><\/figure>\n<p class=\"wp-block-paragraph\">Escritor, editor e roteirista, \u00cdtalo \u00e9 formado em Direito pela Universidade Federal do Piau\u00ed \u2013 UFPI. Tem v\u00e1rios contos publicados em colet\u00e2neas, dois livros da s\u00e9rie \u201cO Falso Franc\u00eas\u201d e \u00e9 idealizador da IDS, Selo Editorial, uma editora independente. O autor j\u00e1 escreveu roteiro para HQs, pods\u00e9ries e do curta \u201cHortel\u00e3\u201d (selecionado para a mostra competitiva do festival Mix Brasil 2021). Tamb\u00e9m editou livros infantis e o livro de 10 anos do festival Junta: Dan\u00e7a e Contemporaneidade. \u00cdtalo divide seus dias entre trabalhar com as palavras para promover cultura e fomentar a literatura nacional, principalmente entre as fam\u00edlias, sempre incentivando a forma\u00e7\u00e3o de novos leitores.<\/p>\n<ul class=\"wp-block-list\">\n<li><strong>Agenda na Bienal do Livro SP:<\/strong> Lan\u00e7amento da HQ de O Falso Franc\u00eas: Sexta, 04\/09, a partir das 15h, no estande Crush Liter\u00e1rio<\/li>\n<li><strong>Evento do Movimento Indie: <\/strong>06\/09, a partir das 14h<\/li>\n<li><strong>Presen\u00e7a no evento: <\/strong>Dias 4 a 8 de setembro<\/li>\n<\/ul>\n<p class=\"wp-block-paragraph\"><strong>Sobre O Falso Franc\u00eas em quadrinhos:<\/strong> <\/p>\n<figure class=\"wp-block-image size-full\"><img loading=\"lazy\" decoding=\"async\" width=\"1920\" height=\"1080\" src=\"https:\/\/nerdizmo.ig.com.br\/wp-content\/uploads\/2026\/09\/bienal_livro_sp_2026_Italo_Damasceno_img02.jpg\" alt=\"\" class=\"wp-image-154437\" srcset=\"https:\/\/nerdizmo.ig.com.br\/wp-content\/uploads\/2026\/09\/bienal_livro_sp_2026_Italo_Damasceno_img02.jpg 1920w, https:\/\/nerdizmo.ig.com.br\/wp-content\/uploads\/2026\/09\/bienal_livro_sp_2026_Italo_Damasceno_img02-768x432.jpg 768w, https:\/\/nerdizmo.ig.com.br\/wp-content\/uploads\/2026\/09\/bienal_livro_sp_2026_Italo_Damasceno_img02-1536x864.jpg 1536w\" sizes=\"auto, (max-width: 1920px) 100vw, 1920px\"\/><\/figure>\n<p class=\"wp-block-paragraph\">Nesta HQ conhecemos Jo\u00e3o Manuel que tem o sonho de escrever um folhetim para A Brisa da Tarde, jornal da pequena S\u00e3o F\u00e9lix do Morro Alto. Em uma tarde de agosto de 1849, Jo\u00e3o pede uma chance para escrever, mas seu Tista, dono do jornal, nem lhe deu aten\u00e7\u00e3o, afinal ele s\u00f3 publicava os maiores folhetinistas da Europa. No m\u00e1ximo, lhe pagaria a tradu\u00e7\u00e3o se ele soubesse franc\u00eas e se tivesse um folhetim. Foi a\u00ed que Jo\u00e3o disparou: MAS EU TENHO UM FOLHETIM EM FRANC\u00caS E POSSO TRADUZIR!<\/p>\n<p class=\"wp-block-paragraph\">Nesta novela que aproxima o prazer da leitura com o prazer da escrita, as perip\u00e9cias de Jo\u00e3o Manuel e seus conterr\u00e2neos nos fazem reviver a experi\u00eancia de assistir \u00e0s melhores telenovelas e descobrirmos assim o poder de contar uma hist\u00f3ria. Porque uma boa narrativa n\u00e3o muda o mundo, mas mudam pessoas, e estas sim mudam o mundo.<\/p>\n<h2 class=\"wp-block-heading\">Renan Carvalho<\/h2>\n<figure class=\"wp-block-image size-full\"><img loading=\"lazy\" decoding=\"async\" width=\"1920\" height=\"1080\" src=\"https:\/\/nerdizmo.ig.com.br\/wp-content\/uploads\/2026\/09\/bienal_livro_sp_2026_Renan_Carvalho.jpg\" alt=\"\" class=\"wp-image-154438\" srcset=\"https:\/\/nerdizmo.ig.com.br\/wp-content\/uploads\/2026\/09\/bienal_livro_sp_2026_Renan_Carvalho.jpg 1920w, https:\/\/nerdizmo.ig.com.br\/wp-content\/uploads\/2026\/09\/bienal_livro_sp_2026_Renan_Carvalho-768x432.jpg 768w, https:\/\/nerdizmo.ig.com.br\/wp-content\/uploads\/2026\/09\/bienal_livro_sp_2026_Renan_Carvalho-1536x864.jpg 1536w\" sizes=\"auto, (max-width: 1920px) 100vw, 1920px\"\/><\/figure>\n<p class=\"wp-block-paragraph\">Renan Carvalho cresceu com um gosto inexplic\u00e1vel por hist\u00f3rias fant\u00e1sticas. Amante de animes, HQs, mang\u00e1s, games e livros, aprendeu desde cedo a criar o pr\u00f3prio mundo. Formado em Marketing pela USP, o autor se especializou em escrita criativa e storytelling. Em 2024, lan\u00e7ou \u201cDez Mil S\u00f3is\u201d, seu primeiro romance pelo selo Outro Planeta, que alcan\u00e7ou a lista da revista Veja e agora est\u00e1 lan\u00e7ando \u201cCabe\u00e7a Na Nuvem\u201d, seu segundo livro pelo selo. Hoje, ele conta com seis livros publicados, al\u00e9m da participa\u00e7\u00e3o em algumas antologias.<\/p>\n<ul class=\"wp-block-list\">\n<li><strong>Agenda na Bienal do Livro SP:<\/strong> Sess\u00e3o de aut\u00f3grafos: 05\/09, \u00e0s 17h, no estande da Editora Planeta<\/li>\n<li><strong>Promo\u00e7\u00e3o especial: <\/strong>Quem comprar Dez Mil S\u00f3is e Cabe\u00e7a na Nuvem, ganha uma ecobag exclusiva no estande da editora<\/li>\n<li><strong>Encontro de f\u00e3s de literatura fant\u00e1stica da Estante Virtual:<\/strong> 09\/09, \u00e0s 10h<\/li>\n<li><strong>Presen\u00e7a no evento:<\/strong> Todos os dias da Bienal<\/li>\n<\/ul>\n<p class=\"wp-block-paragraph\"><strong>Sobre Cabe\u00e7a na Nuvem:<\/strong><\/p>\n<figure class=\"wp-block-image size-full\"><img loading=\"lazy\" decoding=\"async\" width=\"1920\" height=\"1080\" src=\"https:\/\/nerdizmo.ig.com.br\/wp-content\/uploads\/2026\/09\/bienal_livro_sp_2026_indicacao_livros_fantasia_romantasia_lavanda_literaria_img06.jpg\" alt=\"\" class=\"wp-image-154428\" srcset=\"https:\/\/nerdizmo.ig.com.br\/wp-content\/uploads\/2026\/09\/bienal_livro_sp_2026_indicacao_livros_fantasia_romantasia_lavanda_literaria_img06.jpg 1920w, https:\/\/nerdizmo.ig.com.br\/wp-content\/uploads\/2026\/09\/bienal_livro_sp_2026_indicacao_livros_fantasia_romantasia_lavanda_literaria_img06-768x432.jpg 768w, https:\/\/nerdizmo.ig.com.br\/wp-content\/uploads\/2026\/09\/bienal_livro_sp_2026_indicacao_livros_fantasia_romantasia_lavanda_literaria_img06-1536x864.jpg 1536w\" sizes=\"auto, (max-width: 1920px) 100vw, 1920px\"\/><\/figure>\n<p class=\"wp-block-paragraph\">Max tem a habilidade que quase ningu\u00e9m possui: a consci\u00eancia S \u2013 um poder rar\u00edssimo capaz de reprogramar a Nuvem, o universo digital onde tudo \u00e9 poss\u00edvel.<\/p>\n<p class=\"wp-block-paragraph\">Quando Patrono, o novo programa administrador, entra em colapso e assume a forma de um perigoso vil\u00e3o, milh\u00f5es de crian\u00e7as ficam presas nesse mundo virtual. Entre elas est\u00e1 o irm\u00e3o mais novo de Max, e o garoto acaba se tornando a \u00fanica esperan\u00e7a de traz\u00ea-las de volta.<\/p>\n<p class=\"wp-block-paragraph\">Para a miss\u00e3o, Max contar\u00e1 com uma equipe de jogadores fora dos padr\u00f5es. No mundo real, eles s\u00e3o apenas Joana, Danilo, Balu e Kim, mas na Nuvem se transformam nos her\u00f3is da resist\u00eancia:<\/p>\n<p class=\"wp-block-paragraph\">Dojo Girl, uma faixa-preta determinada; Speedan, um corredor com pulm\u00f5es de a\u00e7o; Boliche, um gigante quase indestrut\u00edvel; Queen Killer, uma atiradora com a mira infal\u00edvel.<\/p>\n<p class=\"wp-block-paragraph\">Ao enfrentar os desafios de Patrono, Max e seus novos amigos ter\u00e3o que se unir, confiar uns nos outros e descobrir que suas diferen\u00e7as s\u00e3o exatamente o que os torna mais fortes.<\/p>\n<h2 class=\"wp-block-heading\">Giu Yukari Murakami<\/h2>\n<figure class=\"wp-block-image size-full\"><img loading=\"lazy\" decoding=\"async\" width=\"1920\" height=\"1080\" src=\"https:\/\/nerdizmo.ig.com.br\/wp-content\/uploads\/2026\/09\/bienal_livro_sp_2026_Giu_Murakami.jpg\" alt=\"\" class=\"wp-image-154439\" srcset=\"https:\/\/nerdizmo.ig.com.br\/wp-content\/uploads\/2026\/09\/bienal_livro_sp_2026_Giu_Murakami.jpg 1920w, https:\/\/nerdizmo.ig.com.br\/wp-content\/uploads\/2026\/09\/bienal_livro_sp_2026_Giu_Murakami-768x432.jpg 768w, https:\/\/nerdizmo.ig.com.br\/wp-content\/uploads\/2026\/09\/bienal_livro_sp_2026_Giu_Murakami-1536x864.jpg 1536w\" sizes=\"auto, (max-width: 1920px) 100vw, 1920px\"\/><\/figure>\n<p class=\"wp-block-paragraph\">Giu Yukari (\u7de3) Murakami (\u6751\u4e0a) \u00e9 paraense e neta de imigrantes japoneses. Suas narrativas trazem aspectos identit\u00e1rios de sua viv\u00eancia amaz\u00f4nida e asi\u00e1tico-brasileira, e ela j\u00e1 publicou contos em ingl\u00eas e japon\u00eas. \u00c9 autora do livro infantojuvenil Flauta de Bambu (Rocco, 2026). Em 2025, sua hist\u00f3ria \u201cPelas m\u00e3os de batchan\u201d foi adaptada para o audiovisual pelo Edital de Cultura Sesc RJ Pulsar.<\/p>\n<ul class=\"wp-block-list\">\n<li><strong>Agenda na Bienal do Livro SP:<\/strong> Lan\u00e7amento de Flauta de Bambu (Editora Rocco)<\/li>\n<li><strong>Sess\u00e3o de aut\u00f3grafos: <\/strong>07\/09, \u00e0s 14h | 08\/09, \u00e0s 10h | 09\/09, \u00e0s 14h, no estande da Rocco<\/li>\n<li><strong>Mesa de bate-papo (Realismo M\u00e1gico): <\/strong>07\/09, \u00e0s 12h, na Arena Skeelo<\/li>\n<li><strong>Presen\u00e7a no evento: <\/strong>Dias 04, 05, 06, 07, 08 e 09 de setembro<\/li>\n<\/ul>\n<p class=\"wp-block-paragraph\"><strong>Sobre Flauta de Bambu:<\/strong><\/p>\n<figure class=\"wp-block-image size-full\"><img loading=\"lazy\" decoding=\"async\" width=\"1920\" height=\"1080\" src=\"https:\/\/nerdizmo.ig.com.br\/wp-content\/uploads\/2026\/09\/bienal_livro_sp_2026_indicacao_livros_fantasia_romantasia_lavanda_literaria_img05.jpg\" alt=\"\" class=\"wp-image-154429\" srcset=\"https:\/\/nerdizmo.ig.com.br\/wp-content\/uploads\/2026\/09\/bienal_livro_sp_2026_indicacao_livros_fantasia_romantasia_lavanda_literaria_img05.jpg 1920w, https:\/\/nerdizmo.ig.com.br\/wp-content\/uploads\/2026\/09\/bienal_livro_sp_2026_indicacao_livros_fantasia_romantasia_lavanda_literaria_img05-768x432.jpg 768w, https:\/\/nerdizmo.ig.com.br\/wp-content\/uploads\/2026\/09\/bienal_livro_sp_2026_indicacao_livros_fantasia_romantasia_lavanda_literaria_img05-1536x864.jpg 1536w\" sizes=\"auto, (max-width: 1920px) 100vw, 1920px\"\/><\/figure>\n<p class=\"wp-block-paragraph\">Em Flauta de Bambu, Aiko Watanabe, uma adolescente nipo-brasileira, recebe da sua batchan a miss\u00e3o de reencontrar Kimiko, uma amiga desaparecida desde os bombardeios na Segunda Guerra Mundial. Ela acaba mergulhando em uma jornada que atravessa a Amaz\u00f4nia, navega nas ondas da pororoca e encontra o universo fant\u00e1stico de yokais e encantados, mesmo que no come\u00e7o ela n\u00e3o acredite em nada disso.<\/p>\n<p class=\"wp-block-paragraph\">Ao lado do amigo Nilo, ela enfrenta racismo, conflitos familiares e dilemas de identidade enquanto desvenda a hist\u00f3ria da av\u00f3 e, por meio da m\u00fasica de uma flauta m\u00e1gica, descobre a for\u00e7a dos la\u00e7os familiares e culturais. A aventura transforma-se em um percurso de autodescoberta no qual realidade e imagina\u00e7\u00e3o se misturam, revelando que amizade e mem\u00f3ria s\u00e3o fios que conectam pessoas, lugares e modos de viver.<\/p>\n<h2 class=\"wp-block-heading\">L\u00facia Serrano<\/h2>\n<figure class=\"wp-block-image size-full\"><img loading=\"lazy\" decoding=\"async\" width=\"1920\" height=\"1080\" src=\"https:\/\/nerdizmo.ig.com.br\/wp-content\/uploads\/2026\/09\/bienal_livro_sp_2026_Lucia_Serrano.jpg\" alt=\"\" class=\"wp-image-154440\" srcset=\"https:\/\/nerdizmo.ig.com.br\/wp-content\/uploads\/2026\/09\/bienal_livro_sp_2026_Lucia_Serrano.jpg 1920w, https:\/\/nerdizmo.ig.com.br\/wp-content\/uploads\/2026\/09\/bienal_livro_sp_2026_Lucia_Serrano-768x432.jpg 768w, https:\/\/nerdizmo.ig.com.br\/wp-content\/uploads\/2026\/09\/bienal_livro_sp_2026_Lucia_Serrano-1536x864.jpg 1536w\" sizes=\"auto, (max-width: 1920px) 100vw, 1920px\"\/><\/figure>\n<p class=\"wp-block-paragraph\">L\u00facia Serrano \u00e9 professora, com 35 anos de experi\u00eancia no magist\u00e9rio, autora de livros infantis e formadora pedag\u00f3gica. Como professora, sempre aproximou seus alunos do universo liter\u00e1rio, o que lhe rendeu de 2013 a 2020 a oportunidade de desenvolver o projeto Ler e Escrever: Fonte do Saber para milhares de estudantes e professores na sua cidade natal, Atibaia, S\u00e3o Paulo. Preocupada com a aprendizagem e com os rumos da Educa\u00e7\u00e3o, \u00e9 Mestra em Filosofia da Educa\u00e7\u00e3o e tem se dedicado a pesquisas com o intuito de fomentar reflex\u00f5es e articula\u00e7\u00f5es entre teoria e pr\u00e1tica, que respondam \u00e0 demanda de garantir os direitos de aprendizagem aos estudantes, entre eles o direito \u00e0 leitura-frui\u00e7\u00e3o.<\/p>\n<ul class=\"wp-block-list\">\n<li><strong>Agenda na Bienal do Livro SP:<\/strong> Lan\u00e7amento de Medo e Raiva: Editora Ciranda Cultural<\/li>\n<li><strong>Sess\u00e3o de aut\u00f3grafos:<\/strong> 07\/09, \u00e0s 10h | 12\/09, \u00e0s 13h, no estande da Ciranda Cultural<\/li>\n<li><strong>Mesa de bate-papo (A escrita em tempos de colapso):<\/strong> 12\/09, a partir das 17h, no estande Escreva, Garota! (com Ana Rusche)<\/li>\n<li><strong>Presen\u00e7a no evento: <\/strong>Dias 4, 7 e 12 de setembro<\/li>\n<\/ul>\n<p class=\"wp-block-paragraph\"><strong>Sobre Medo:<\/strong><\/p>\n<figure class=\"wp-block-image size-full\"><img loading=\"lazy\" decoding=\"async\" width=\"1920\" height=\"1080\" src=\"https:\/\/nerdizmo.ig.com.br\/wp-content\/uploads\/2026\/09\/bienal_livro_sp_2026_Lucia_Serrano_img02.jpg\" alt=\"\" class=\"wp-image-154441\" srcset=\"https:\/\/nerdizmo.ig.com.br\/wp-content\/uploads\/2026\/09\/bienal_livro_sp_2026_Lucia_Serrano_img02.jpg 1920w, https:\/\/nerdizmo.ig.com.br\/wp-content\/uploads\/2026\/09\/bienal_livro_sp_2026_Lucia_Serrano_img02-768x432.jpg 768w, https:\/\/nerdizmo.ig.com.br\/wp-content\/uploads\/2026\/09\/bienal_livro_sp_2026_Lucia_Serrano_img02-1536x864.jpg 1536w\" sizes=\"auto, (max-width: 1920px) 100vw, 1920px\"\/><\/figure>\n<p class=\"wp-block-paragraph\">Os sentimentos fazem parte do nosso dia a dia. Aprender a lidar com eles n\u00e3o \u00e9 tarefa f\u00e1cil. Especialmente quando temos MEDO de alguma coisa. Todo mundo tem medo, mas existem algumas alternativas para venc\u00ea-lo. Abra o livro e descubra algumas possibilidades com o texto po\u00e9tico de L\u00facia Serrano, ilustrado por Andr\u00e9 Cerino.<\/p>\n<h2 class=\"wp-block-heading\">Dayane Borges<\/h2>\n<figure class=\"wp-block-image size-full\"><img loading=\"lazy\" decoding=\"async\" width=\"1920\" height=\"1080\" src=\"https:\/\/nerdizmo.ig.com.br\/wp-content\/uploads\/2026\/09\/bienal_livro_sp_2026_Dayane_Borges.jpg\" alt=\"\" class=\"wp-image-154442\" srcset=\"https:\/\/nerdizmo.ig.com.br\/wp-content\/uploads\/2026\/09\/bienal_livro_sp_2026_Dayane_Borges.jpg 1920w, https:\/\/nerdizmo.ig.com.br\/wp-content\/uploads\/2026\/09\/bienal_livro_sp_2026_Dayane_Borges-768x432.jpg 768w, https:\/\/nerdizmo.ig.com.br\/wp-content\/uploads\/2026\/09\/bienal_livro_sp_2026_Dayane_Borges-1536x864.jpg 1536w\" sizes=\"auto, (max-width: 1920px) 100vw, 1920px\"\/><\/figure>\n<p class=\"wp-block-paragraph\">Dayane Borges escreve desde os treze anos, mas se sentiu escritora pela primeira vez quando publicou o seu conto \u201cFora da Caixinha\u201d na antologia \u201cPlurais\u201d da Se Liga Editorial. Desde ent\u00e3o, se aventurou entre narrativas curtas enquanto escrevia os seus romances que ainda ser\u00e3o publicados.<\/p>\n<p class=\"wp-block-paragraph\">Graduada em Letras Portugu\u00eas\/Franc\u00eas na Universidade Federal de S\u00e3o Paulo, ela ama tudo o que envolve comunica\u00e7\u00e3o, cultura pop e est\u00e1 sempre compartilhando os seus conhecimentos sobre negritude e assexualidade nas suas redes sociais @dayescreve.<\/p>\n<ul class=\"wp-block-list\">\n<li><strong>Agenda na Bienal do Livro SP: <\/strong>Lan\u00e7amento de Mais que um lance: Sess\u00e3o de aut\u00f3grafos no dia 06\/09, a partir das 13h, no estande Crush Liter\u00e1rio<\/li>\n<li><strong>Encontro de amantes de romance contempor\u00e2neos da Estante Virtual: <\/strong>05\/09, a partir das 17h<\/li>\n<li><strong>Mesa de bate-papo (Escreva, Garota!): <\/strong>Segredos de boas narrativas de romance, \u00e0s 17h<\/li>\n<li><strong>Presen\u00e7a no evento e estande da Crush Liter\u00e1rio: <\/strong>Dias 5, 6, 7, 11, 12 e 13 (o dia todo)<\/li>\n<\/ul>\n<p class=\"wp-block-paragraph\"><strong>Sobre Mais que um lance:<\/strong><\/p>\n<figure class=\"wp-block-image size-full\"><img loading=\"lazy\" decoding=\"async\" width=\"1920\" height=\"1080\" src=\"https:\/\/nerdizmo.ig.com.br\/wp-content\/uploads\/2026\/09\/bienal_livro_sp_2026_Dayane_Borges_img02.jpg\" alt=\"\" class=\"wp-image-154443\" srcset=\"https:\/\/nerdizmo.ig.com.br\/wp-content\/uploads\/2026\/09\/bienal_livro_sp_2026_Dayane_Borges_img02.jpg 1920w, https:\/\/nerdizmo.ig.com.br\/wp-content\/uploads\/2026\/09\/bienal_livro_sp_2026_Dayane_Borges_img02-768x432.jpg 768w, https:\/\/nerdizmo.ig.com.br\/wp-content\/uploads\/2026\/09\/bienal_livro_sp_2026_Dayane_Borges_img02-1536x864.jpg 1536w\" sizes=\"auto, (max-width: 1920px) 100vw, 1920px\"\/><\/figure>\n<p class=\"wp-block-paragraph\">Se os 25 anos s\u00e3o a idade da ascens\u00e3o para que o sucesso venha aos 30, Ana Beatriz est\u00e1 perdida. A alguns meses de fazer anivers\u00e1rio, nenhum aspecto de sua vida parece encaminhado como deveria. Na \u00e1rea profissional, as mat\u00e9rias esportivas que escreve n\u00e3o conquistam leitores, muito menos a aten\u00e7\u00e3o da chefia. No aspecto amoroso, as coisas est\u00e3o paradas como sempre. O que ela nunca esperaria era que tudo isso pudesse mudar de uma s\u00f3 vez.<\/p>\n<p class=\"wp-block-paragraph\">Um jogador que tem causado rebuli\u00e7o entre os f\u00e3s de basquete acaba de se tornar seu vizinho, e \u00e9 ningu\u00e9m menos do que \u00cdcaro, o melhor amigo de inf\u00e2ncia por quem ela tinha um crush silencioso. O problema \u00e9 que o rapaz tem dois p\u00e9s atr\u00e1s com jornalistas, e tentar uma reaproxima\u00e7\u00e3o repentina pode passar muitas impress\u00f5es erradas. Entre o amor e a carreira, ser\u00e1 que Triz precisa escolher?<\/p>\n<p class=\"wp-block-paragraph\"><strong>Servi\u00e7o:<\/strong><br \/>28a Bienal Internacional do Livro de S\u00e3o Paulo 2026<br \/><strong>Data:\u00a0<\/strong>4 a 13 de setembro de 2026<br \/><strong>Local:\u00a0<\/strong>Distrito Anhembi (Av. Olavo Fontoura, 1.209, Santana, Sao Paulo \u2013 SP)<\/p>\n<p class=\"wp-block-paragraph\"><strong>Hor\u00e1rios:<\/strong><br \/>Segunda a sexta, das 9h \u00e0s 22h. S\u00e1bado e domingo, das 10h \u00e0s 22h. Domingo (13\/09), das 10h \u00e0s 21h. Ingressos: Dispon\u00edveis no site oficial do evento.<\/p>\n<p class=\"wp-block-paragraph\"><strong><a href=\"https:\/\/www.bienaldolivrosp.com.br\/pt-br.html\">Mais informa\u00e7\u00f5es no site oficial da Bienal do Livro de S\u00e3o Paulo 2026<\/a><\/strong><\/p>\n<p><!-- CONTENT END 1 --><\/p><\/div>\n","protected":false},"excerpt":{"rendered":"<p>Escritores nacionais chegam na 28\u00aa Bienal Internacional do Livro de S\u00e3o Paulo, que acontece de 4 a 13 de setembro, no Distrito Anhembi, na capital paulista, com obras para inspirar jovens leitores a crescer no mundo dos livros e da imagina\u00e7\u00e3o. Confira alguns autores para conhecer e visitar durante a feira: \u00cdtalo Damasceno Escritor, editor &hellip;<\/p>\n","protected":false},"author":1,"featured_media":24006,"comment_status":"open","ping_status":"open","sticky":false,"template":"","format":"standard","meta":{"_bbp_topic_count":0,"_bbp_reply_count":0,"_bbp_total_topic_count":0,"_bbp_total_reply_count":0,"_bbp_voice_count":0,"_bbp_anonymous_reply_count":0,"_bbp_topic_count_hidden":0,"_bbp_reply_count_hidden":0,"_bbp_forum_subforum_count":0,"om_disable_all_campaigns":false,"_monsterinsights_skip_tracking":false,"_shortscore_rating":"","_shortscore_game":"","_shortscore_summary":"","footnotes":""},"categories":[92],"tags":[7119,1524,12352,9795,12380,1528,12354,8865,12381,5245,12391,12382,1709,12358,12361,485,12392,12383,12384,12385,3986,1439,1483,12364,12386,12387,12388,7627,12389,12371,642,1521,11175,12390,12376],"coauthors":[393],"class_list":["post-24005","post","type-post","status-publish","format-standard","has-post-thumbnail","hentry","category-geek","tag-autores-nacionais","tag-bienal","tag-bienal-do-livro-2026","tag-cabeca-na-nuvem","tag-ciranda-cultural","tag-conhecer","tag-crush-literario","tag-cultura-geek","tag-dayane-borges","tag-editora-planeta","tag-escritores","tag-escritores-brasileiros","tag-fantasia","tag-flauta-de-bambu","tag-giu-yukari-murakami","tag-hq","tag-infantojuvenis","tag-italo-damasceno","tag-leitura-jovem","tag-literatura-infantojuvenil","tag-literatura-nacional","tag-livro","tag-livros","tag-livros-brasileiros","tag-lucia-serrano","tag-mais-que-um-lance","tag-medo-e-raiva","tag-nerdizmo","tag-o-falso-frances","tag-outro-planeta","tag-para","tag-renan-carvalho","tag-rocco","tag-romance-contemporaneo","tag-sessao-de-autografos"],"aioseo_notices":[],"aioseo_head":"\n\t\t<!-- All in One SEO 5.0.1.1 - aioseo.com -->\n\t<meta name=\"description\" content=\"Escritores nacionais chegam na 28\u00aa Bienal Internacional do Livro de S\u00e3o Paulo, que acontece de 4 a 13 de setembro, no Distrito Anhembi, na capital paulista, com obras para inspirar jovens leitores a crescer no mundo dos livros e da imagina\u00e7\u00e3o. Confira alguns autores para conhecer e visitar durante a feira: \u00cdtalo Damasceno Escritor, editor\" \/>\n\t<meta name=\"robots\" content=\"max-image-preview:large\" \/>\n\t<meta name=\"author\" content=\"Fagner Lopes\"\/>\n\t<link rel=\"canonical\" href=\"https:\/\/obewise.com.br\/index.php\/2026\/09\/05\/escritores-e-livros-infanto-juvenis-para-conhecer-na-bienal-do-livro-sp-2026\/\" \/>\n\t<meta name=\"generator\" content=\"All in One SEO (AIOSEO) 5.0.1.1\" \/>\n\t\t<meta property=\"og:locale\" content=\"pt_BR\" \/>\n\t\t<meta property=\"og:site_name\" content=\"Obewise - Entretenimento e Network\" \/>\n\t\t<meta property=\"og:type\" content=\"article\" \/>\n\t\t<meta property=\"og:title\" content=\"Escritores e livros infanto-juvenis para conhecer na Bienal do Livro SP 2026 - Obewise\" \/>\n\t\t<meta property=\"og:description\" content=\"Escritores nacionais chegam na 28\u00aa Bienal Internacional do Livro de S\u00e3o Paulo, que acontece de 4 a 13 de setembro, no Distrito Anhembi, na capital paulista, com obras para inspirar jovens leitores a crescer no mundo dos livros e da imagina\u00e7\u00e3o. Confira alguns autores para conhecer e visitar durante a feira: \u00cdtalo Damasceno Escritor, editor\" \/>\n\t\t<meta property=\"og:url\" content=\"https:\/\/obewise.com.br\/index.php\/2026\/09\/05\/escritores-e-livros-infanto-juvenis-para-conhecer-na-bienal-do-livro-sp-2026\/\" \/>\n\t\t<meta property=\"article:published_time\" content=\"2026-09-05T02:29:36+00:00\" \/>\n\t\t<meta property=\"article:modified_time\" content=\"2026-09-05T02:29:36+00:00\" \/>\n\t\t<meta property=\"article:publisher\" content=\"https:\/\/www.facebook.com\/obewisenetwork\" \/>\n\t\t<meta name=\"twitter:card\" content=\"summary_large_image\" \/>\n\t\t<meta name=\"twitter:site\" content=\"@obewisenetwork\" \/>\n\t\t<meta name=\"twitter:title\" content=\"Escritores e livros infanto-juvenis para conhecer na Bienal do Livro SP 2026 - Obewise\" \/>\n\t\t<meta name=\"twitter:description\" content=\"Escritores nacionais chegam na 28\u00aa Bienal Internacional do Livro de S\u00e3o Paulo, que acontece de 4 a 13 de setembro, no Distrito Anhembi, na capital paulista, com obras para inspirar jovens leitores a crescer no mundo dos livros e da imagina\u00e7\u00e3o. Confira alguns autores para conhecer e visitar durante a feira: \u00cdtalo Damasceno Escritor, editor\" \/>\n\t\t<meta name=\"twitter:creator\" content=\"@obewisenetwork\" \/>\n\t\t<script type=\"application\/ld+json\" class=\"aioseo-schema\">\n\t\t\t{\"@context\":\"https:\\\/\\\/schema.org\",\"@graph\":[{\"@type\":\"BlogPosting\",\"@id\":\"https:\\\/\\\/obewise.com.br\\\/index.php\\\/2026\\\/09\\\/05\\\/escritores-e-livros-infanto-juvenis-para-conhecer-na-bienal-do-livro-sp-2026\\\/#blogposting\",\"name\":\"Escritores e livros infanto-juvenis para conhecer na Bienal do Livro SP 2026 - Obewise\",\"headline\":\"Escritores e livros infanto-juvenis para conhecer na Bienal do Livro SP 2026\",\"author\":{\"@id\":\"https:\\\/\\\/obewise.com.br\\\/index.php\\\/author\\\/fagnerlopes\\\/#author\"},\"publisher\":{\"@id\":\"https:\\\/\\\/obewise.com.br\\\/#organization\"},\"image\":{\"@type\":\"ImageObject\",\"url\":\"https:\\\/\\\/obewise.com.br\\\/wp-content\\\/uploads\\\/2026\\\/09\\\/bienal_livro_sp_2026_escritores_livros_infanto_juvenis.jpg\",\"width\":1920,\"height\":1080},\"datePublished\":\"2026-09-05T02:29:36+00:00\",\"dateModified\":\"2026-09-05T02:29:36+00:00\",\"inLanguage\":\"pt-BR\",\"mainEntityOfPage\":{\"@id\":\"https:\\\/\\\/obewise.com.br\\\/index.php\\\/2026\\\/09\\\/05\\\/escritores-e-livros-infanto-juvenis-para-conhecer-na-bienal-do-livro-sp-2026\\\/#webpage\"},\"isPartOf\":{\"@id\":\"https:\\\/\\\/obewise.com.br\\\/index.php\\\/2026\\\/09\\\/05\\\/escritores-e-livros-infanto-juvenis-para-conhecer-na-bienal-do-livro-sp-2026\\\/#webpage\"},\"articleSection\":\"Geek, Autores Nacionais, Bienal, Bienal do Livro 2026, Cabe\\u00e7a na Nuvem, Ciranda Cultural, conhecer, Crush Liter\\u00e1rio, cultura geek, Dayane Borges, Editora Planeta, Escritores, Escritores Brasileiros, fantasia, Flauta de Bambu, Giu Yukari Murakami, HQ, infantojuvenis, \\u00cdtalo Damasceno, Leitura Jovem, Literatura Infantojuvenil, Literatura Nacional, Livro, Livros, Livros Brasileiros, L\\u00facia Serrano, Mais que um Lance, Medo e Raiva, Nerdizmo, O Falso Franc\\u00eas, Outro Planeta, para, Renan Carvalho, Rocco, romance contempor\\u00e2neo, Sess\\u00e3o de Aut\\u00f3grafos, FagnerLopes\"},{\"@type\":\"BreadcrumbList\",\"@id\":\"https:\\\/\\\/obewise.com.br\\\/index.php\\\/2026\\\/09\\\/05\\\/escritores-e-livros-infanto-juvenis-para-conhecer-na-bienal-do-livro-sp-2026\\\/#breadcrumblist\",\"itemListElement\":[{\"@type\":\"ListItem\",\"@id\":\"https:\\\/\\\/obewise.com.br#listItem\",\"position\":1,\"name\":\"Home\",\"item\":\"https:\\\/\\\/obewise.com.br\",\"nextItem\":{\"@type\":\"ListItem\",\"@id\":\"https:\\\/\\\/obewise.com.br\\\/index.php\\\/category\\\/geek\\\/#listItem\",\"name\":\"Geek\"}},{\"@type\":\"ListItem\",\"@id\":\"https:\\\/\\\/obewise.com.br\\\/index.php\\\/category\\\/geek\\\/#listItem\",\"position\":2,\"name\":\"Geek\",\"item\":\"https:\\\/\\\/obewise.com.br\\\/index.php\\\/category\\\/geek\\\/\",\"nextItem\":{\"@type\":\"ListItem\",\"@id\":\"https:\\\/\\\/obewise.com.br\\\/index.php\\\/2026\\\/09\\\/05\\\/escritores-e-livros-infanto-juvenis-para-conhecer-na-bienal-do-livro-sp-2026\\\/#listItem\",\"name\":\"Escritores e livros infanto-juvenis para conhecer na Bienal do Livro SP 2026\"},\"previousItem\":{\"@type\":\"ListItem\",\"@id\":\"https:\\\/\\\/obewise.com.br#listItem\",\"name\":\"Home\"}},{\"@type\":\"ListItem\",\"@id\":\"https:\\\/\\\/obewise.com.br\\\/index.php\\\/2026\\\/09\\\/05\\\/escritores-e-livros-infanto-juvenis-para-conhecer-na-bienal-do-livro-sp-2026\\\/#listItem\",\"position\":3,\"name\":\"Escritores e livros infanto-juvenis para conhecer na Bienal do Livro SP 2026\",\"previousItem\":{\"@type\":\"ListItem\",\"@id\":\"https:\\\/\\\/obewise.com.br\\\/index.php\\\/category\\\/geek\\\/#listItem\",\"name\":\"Geek\"}}]},{\"@type\":\"Organization\",\"@id\":\"https:\\\/\\\/obewise.com.br\\\/#organization\",\"name\":\"Obewise Entertainment Network\",\"description\":\"Entretenimento e Network\",\"url\":\"https:\\\/\\\/obewise.com.br\\\/\",\"telephone\":\"+5511963153854\",\"logo\":{\"@type\":\"ImageObject\",\"url\":\"https:\\\/\\\/obewise.com.br\\\/wp-content\\\/uploads\\\/2022\\\/12\\\/abstract-logo-maker-for-corporations-1530.png\",\"@id\":\"https:\\\/\\\/obewise.com.br\\\/index.php\\\/2026\\\/09\\\/05\\\/escritores-e-livros-infanto-juvenis-para-conhecer-na-bienal-do-livro-sp-2026\\\/#organizationLogo\",\"width\":4000,\"height\":4000},\"image\":{\"@id\":\"https:\\\/\\\/obewise.com.br\\\/index.php\\\/2026\\\/09\\\/05\\\/escritores-e-livros-infanto-juvenis-para-conhecer-na-bienal-do-livro-sp-2026\\\/#organizationLogo\"},\"sameAs\":[\"https:\\\/\\\/www.facebook.com\\\/obewisenetwork\",\"https:\\\/\\\/twitter.com\\\/obewisenetwork\",\"https:\\\/\\\/www.instagram.com\\\/obewise.network\\\/\",\"https:\\\/\\\/soundcloud.com\\\/obewiseradio\"]},{\"@type\":\"Person\",\"@id\":\"https:\\\/\\\/obewise.com.br\\\/index.php\\\/author\\\/fagnerlopes\\\/#author\",\"url\":\"https:\\\/\\\/obewise.com.br\\\/index.php\\\/author\\\/fagnerlopes\\\/\",\"name\":\"Fagner Lopes\",\"image\":{\"@type\":\"ImageObject\",\"@id\":\"https:\\\/\\\/obewise.com.br\\\/index.php\\\/2026\\\/09\\\/05\\\/escritores-e-livros-infanto-juvenis-para-conhecer-na-bienal-do-livro-sp-2026\\\/#authorImage\",\"url\":\"https:\\\/\\\/obewise.com.br\\\/wp-content\\\/uploads\\\/avatars\\\/1\\\/1668544069-bpfull.jpg\",\"width\":96,\"height\":96,\"caption\":\"Fagner Lopes\"}},{\"@type\":\"WebPage\",\"@id\":\"https:\\\/\\\/obewise.com.br\\\/index.php\\\/2026\\\/09\\\/05\\\/escritores-e-livros-infanto-juvenis-para-conhecer-na-bienal-do-livro-sp-2026\\\/#webpage\",\"url\":\"https:\\\/\\\/obewise.com.br\\\/index.php\\\/2026\\\/09\\\/05\\\/escritores-e-livros-infanto-juvenis-para-conhecer-na-bienal-do-livro-sp-2026\\\/\",\"name\":\"Escritores e livros infanto-juvenis para conhecer na Bienal do Livro SP 2026 - Obewise\",\"description\":\"Escritores nacionais chegam na 28\\u00aa Bienal Internacional do Livro de S\\u00e3o Paulo, que acontece de 4 a 13 de setembro, no Distrito Anhembi, na capital paulista, com obras para inspirar jovens leitores a crescer no mundo dos livros e da imagina\\u00e7\\u00e3o. Confira alguns autores para conhecer e visitar durante a feira: \\u00cdtalo Damasceno Escritor, editor\",\"inLanguage\":\"pt-BR\",\"isPartOf\":{\"@id\":\"https:\\\/\\\/obewise.com.br\\\/#website\"},\"breadcrumb\":{\"@id\":\"https:\\\/\\\/obewise.com.br\\\/index.php\\\/2026\\\/09\\\/05\\\/escritores-e-livros-infanto-juvenis-para-conhecer-na-bienal-do-livro-sp-2026\\\/#breadcrumblist\"},\"author\":{\"@id\":\"https:\\\/\\\/obewise.com.br\\\/index.php\\\/author\\\/fagnerlopes\\\/#author\"},\"creator\":{\"@id\":\"https:\\\/\\\/obewise.com.br\\\/index.php\\\/author\\\/fagnerlopes\\\/#author\"},\"image\":{\"@type\":\"ImageObject\",\"url\":\"https:\\\/\\\/obewise.com.br\\\/wp-content\\\/uploads\\\/2026\\\/09\\\/bienal_livro_sp_2026_escritores_livros_infanto_juvenis.jpg\",\"@id\":\"https:\\\/\\\/obewise.com.br\\\/index.php\\\/2026\\\/09\\\/05\\\/escritores-e-livros-infanto-juvenis-para-conhecer-na-bienal-do-livro-sp-2026\\\/#mainImage\",\"width\":1920,\"height\":1080},\"primaryImageOfPage\":{\"@id\":\"https:\\\/\\\/obewise.com.br\\\/index.php\\\/2026\\\/09\\\/05\\\/escritores-e-livros-infanto-juvenis-para-conhecer-na-bienal-do-livro-sp-2026\\\/#mainImage\"},\"datePublished\":\"2026-09-05T02:29:36+00:00\",\"dateModified\":\"2026-09-05T02:29:36+00:00\"},{\"@type\":\"WebSite\",\"@id\":\"https:\\\/\\\/obewise.com.br\\\/#website\",\"url\":\"https:\\\/\\\/obewise.com.br\\\/\",\"name\":\"Obewise\",\"description\":\"Entretenimento e Network\",\"inLanguage\":\"pt-BR\",\"publisher\":{\"@id\":\"https:\\\/\\\/obewise.com.br\\\/#organization\"}}]}\n\t\t<\/script>\n\t\t<!-- All in One SEO -->\n\n","aioseo_head_json":{"title":"Escritores e livros infanto-juvenis para conhecer na Bienal do Livro SP 2026 - Obewise","description":"Escritores nacionais chegam na 28\u00aa Bienal Internacional do Livro de S\u00e3o Paulo, que acontece de 4 a 13 de setembro, no Distrito Anhembi, na capital paulista, com obras para inspirar jovens leitores a crescer no mundo dos livros e da imagina\u00e7\u00e3o. Confira alguns autores para conhecer e visitar durante a feira: \u00cdtalo Damasceno Escritor, editor","canonical_url":"https:\/\/obewise.com.br\/index.php\/2026\/09\/05\/escritores-e-livros-infanto-juvenis-para-conhecer-na-bienal-do-livro-sp-2026\/","robots":"max-image-preview:large","keywords":"","webmasterTools":{"miscellaneous":""},"schema":{"@context":"https:\/\/schema.org","@graph":[{"@type":"BlogPosting","@id":"https:\/\/obewise.com.br\/index.php\/2026\/09\/05\/escritores-e-livros-infanto-juvenis-para-conhecer-na-bienal-do-livro-sp-2026\/#blogposting","name":"Escritores e livros infanto-juvenis para conhecer na Bienal do Livro SP 2026 - Obewise","headline":"Escritores e livros infanto-juvenis para conhecer na Bienal do Livro SP 2026","author":{"@id":"https:\/\/obewise.com.br\/index.php\/author\/fagnerlopes\/#author"},"publisher":{"@id":"https:\/\/obewise.com.br\/#organization"},"image":{"@type":"ImageObject","url":"https:\/\/obewise.com.br\/wp-content\/uploads\/2026\/09\/bienal_livro_sp_2026_escritores_livros_infanto_juvenis.jpg","width":1920,"height":1080},"datePublished":"2026-09-05T02:29:36+00:00","dateModified":"2026-09-05T02:29:36+00:00","inLanguage":"pt-BR","mainEntityOfPage":{"@id":"https:\/\/obewise.com.br\/index.php\/2026\/09\/05\/escritores-e-livros-infanto-juvenis-para-conhecer-na-bienal-do-livro-sp-2026\/#webpage"},"isPartOf":{"@id":"https:\/\/obewise.com.br\/index.php\/2026\/09\/05\/escritores-e-livros-infanto-juvenis-para-conhecer-na-bienal-do-livro-sp-2026\/#webpage"},"articleSection":"Geek, Autores Nacionais, Bienal, Bienal do Livro 2026, Cabe\u00e7a na Nuvem, Ciranda Cultural, conhecer, Crush Liter\u00e1rio, cultura geek, Dayane Borges, Editora Planeta, Escritores, Escritores Brasileiros, fantasia, Flauta de Bambu, Giu Yukari Murakami, HQ, infantojuvenis, \u00cdtalo Damasceno, Leitura Jovem, Literatura Infantojuvenil, Literatura Nacional, Livro, Livros, Livros Brasileiros, L\u00facia Serrano, Mais que um Lance, Medo e Raiva, Nerdizmo, O Falso Franc\u00eas, Outro Planeta, para, Renan Carvalho, Rocco, romance contempor\u00e2neo, Sess\u00e3o de Aut\u00f3grafos, FagnerLopes"},{"@type":"BreadcrumbList","@id":"https:\/\/obewise.com.br\/index.php\/2026\/09\/05\/escritores-e-livros-infanto-juvenis-para-conhecer-na-bienal-do-livro-sp-2026\/#breadcrumblist","itemListElement":[{"@type":"ListItem","@id":"https:\/\/obewise.com.br#listItem","position":1,"name":"Home","item":"https:\/\/obewise.com.br","nextItem":{"@type":"ListItem","@id":"https:\/\/obewise.com.br\/index.php\/category\/geek\/#listItem","name":"Geek"}},{"@type":"ListItem","@id":"https:\/\/obewise.com.br\/index.php\/category\/geek\/#listItem","position":2,"name":"Geek","item":"https:\/\/obewise.com.br\/index.php\/category\/geek\/","nextItem":{"@type":"ListItem","@id":"https:\/\/obewise.com.br\/index.php\/2026\/09\/05\/escritores-e-livros-infanto-juvenis-para-conhecer-na-bienal-do-livro-sp-2026\/#listItem","name":"Escritores e livros infanto-juvenis para conhecer na Bienal do Livro SP 2026"},"previousItem":{"@type":"ListItem","@id":"https:\/\/obewise.com.br#listItem","name":"Home"}},{"@type":"ListItem","@id":"https:\/\/obewise.com.br\/index.php\/2026\/09\/05\/escritores-e-livros-infanto-juvenis-para-conhecer-na-bienal-do-livro-sp-2026\/#listItem","position":3,"name":"Escritores e livros infanto-juvenis para conhecer na Bienal do Livro SP 2026","previousItem":{"@type":"ListItem","@id":"https:\/\/obewise.com.br\/index.php\/category\/geek\/#listItem","name":"Geek"}}]},{"@type":"Organization","@id":"https:\/\/obewise.com.br\/#organization","name":"Obewise Entertainment Network","description":"Entretenimento e Network","url":"https:\/\/obewise.com.br\/","telephone":"+5511963153854","logo":{"@type":"ImageObject","url":"https:\/\/obewise.com.br\/wp-content\/uploads\/2022\/12\/abstract-logo-maker-for-corporations-1530.png","@id":"https:\/\/obewise.com.br\/index.php\/2026\/09\/05\/escritores-e-livros-infanto-juvenis-para-conhecer-na-bienal-do-livro-sp-2026\/#organizationLogo","width":4000,"height":4000},"image":{"@id":"https:\/\/obewise.com.br\/index.php\/2026\/09\/05\/escritores-e-livros-infanto-juvenis-para-conhecer-na-bienal-do-livro-sp-2026\/#organizationLogo"},"sameAs":["https:\/\/www.facebook.com\/obewisenetwork","https:\/\/twitter.com\/obewisenetwork","https:\/\/www.instagram.com\/obewise.network\/","https:\/\/soundcloud.com\/obewiseradio"]},{"@type":"Person","@id":"https:\/\/obewise.com.br\/index.php\/author\/fagnerlopes\/#author","url":"https:\/\/obewise.com.br\/index.php\/author\/fagnerlopes\/","name":"Fagner Lopes","image":{"@type":"ImageObject","@id":"https:\/\/obewise.com.br\/index.php\/2026\/09\/05\/escritores-e-livros-infanto-juvenis-para-conhecer-na-bienal-do-livro-sp-2026\/#authorImage","url":"https:\/\/obewise.com.br\/wp-content\/uploads\/avatars\/1\/1668544069-bpfull.jpg","width":96,"height":96,"caption":"Fagner Lopes"}},{"@type":"WebPage","@id":"https:\/\/obewise.com.br\/index.php\/2026\/09\/05\/escritores-e-livros-infanto-juvenis-para-conhecer-na-bienal-do-livro-sp-2026\/#webpage","url":"https:\/\/obewise.com.br\/index.php\/2026\/09\/05\/escritores-e-livros-infanto-juvenis-para-conhecer-na-bienal-do-livro-sp-2026\/","name":"Escritores e livros infanto-juvenis para conhecer na Bienal do Livro SP 2026 - Obewise","description":"Escritores nacionais chegam na 28\u00aa Bienal Internacional do Livro de S\u00e3o Paulo, que acontece de 4 a 13 de setembro, no Distrito Anhembi, na capital paulista, com obras para inspirar jovens leitores a crescer no mundo dos livros e da imagina\u00e7\u00e3o. Confira alguns autores para conhecer e visitar durante a feira: \u00cdtalo Damasceno Escritor, editor","inLanguage":"pt-BR","isPartOf":{"@id":"https:\/\/obewise.com.br\/#website"},"breadcrumb":{"@id":"https:\/\/obewise.com.br\/index.php\/2026\/09\/05\/escritores-e-livros-infanto-juvenis-para-conhecer-na-bienal-do-livro-sp-2026\/#breadcrumblist"},"author":{"@id":"https:\/\/obewise.com.br\/index.php\/author\/fagnerlopes\/#author"},"creator":{"@id":"https:\/\/obewise.com.br\/index.php\/author\/fagnerlopes\/#author"},"image":{"@type":"ImageObject","url":"https:\/\/obewise.com.br\/wp-content\/uploads\/2026\/09\/bienal_livro_sp_2026_escritores_livros_infanto_juvenis.jpg","@id":"https:\/\/obewise.com.br\/index.php\/2026\/09\/05\/escritores-e-livros-infanto-juvenis-para-conhecer-na-bienal-do-livro-sp-2026\/#mainImage","width":1920,"height":1080},"primaryImageOfPage":{"@id":"https:\/\/obewise.com.br\/index.php\/2026\/09\/05\/escritores-e-livros-infanto-juvenis-para-conhecer-na-bienal-do-livro-sp-2026\/#mainImage"},"datePublished":"2026-09-05T02:29:36+00:00","dateModified":"2026-09-05T02:29:36+00:00"},{"@type":"WebSite","@id":"https:\/\/obewise.com.br\/#website","url":"https:\/\/obewise.com.br\/","name":"Obewise","description":"Entretenimento e Network","inLanguage":"pt-BR","publisher":{"@id":"https:\/\/obewise.com.br\/#organization"}}]},"og:locale":"pt_BR","og:site_name":"Obewise - Entretenimento e Network","og:type":"article","og:title":"Escritores e livros infanto-juvenis para conhecer na Bienal do Livro SP 2026 - Obewise","og:description":"Escritores nacionais chegam na 28\u00aa Bienal Internacional do Livro de S\u00e3o Paulo, que acontece de 4 a 13 de setembro, no Distrito Anhembi, na capital paulista, com obras para inspirar jovens leitores a crescer no mundo dos livros e da imagina\u00e7\u00e3o. Confira alguns autores para conhecer e visitar durante a feira: \u00cdtalo Damasceno Escritor, editor","og:url":"https:\/\/obewise.com.br\/index.php\/2026\/09\/05\/escritores-e-livros-infanto-juvenis-para-conhecer-na-bienal-do-livro-sp-2026\/","article:published_time":"2026-09-05T02:29:36+00:00","article:modified_time":"2026-09-05T02:29:36+00:00","article:publisher":"https:\/\/www.facebook.com\/obewisenetwork","twitter:card":"summary_large_image","twitter:site":"@obewisenetwork","twitter:title":"Escritores e livros infanto-juvenis para conhecer na Bienal do Livro SP 2026 - Obewise","twitter:description":"Escritores nacionais chegam na 28\u00aa Bienal Internacional do Livro de S\u00e3o Paulo, que acontece de 4 a 13 de setembro, no Distrito Anhembi, na capital paulista, com obras para inspirar jovens leitores a crescer no mundo dos livros e da imagina\u00e7\u00e3o. Confira alguns autores para conhecer e visitar durante a feira: \u00cdtalo Damasceno Escritor, editor","twitter:creator":"@obewisenetwork"},"aioseo_meta_data":{"post_id":"24005","title":null,"description":null,"keywords":null,"keyphrases":null,"primary_term":null,"canonical_url":null,"og_title":null,"og_description":null,"og_object_type":"default","og_image_type":"default","og_image_url":null,"og_image_width":null,"og_image_height":null,"og_image_custom_url":null,"og_image_custom_fields":null,"og_video":null,"og_custom_url":null,"og_article_section":null,"og_article_tags":null,"twitter_use_og":false,"twitter_card":"default","twitter_image_type":"default","twitter_image_url":null,"twitter_image_custom_url":null,"twitter_image_custom_fields":null,"twitter_title":null,"twitter_description":null,"schema":{"blockGraphs":[],"customGraphs":[],"default":{"data":{"Article":[],"Course":[],"Dataset":[],"FAQPage":[],"Movie":[],"Person":[],"Product":[],"ProductReview":[],"Car":[],"Recipe":[],"Service":[],"SoftwareApplication":[],"WebPage":[]},"graphName":"","isEnabled":true},"graphs":[]},"schema_type":"default","schema_type_options":null,"pillar_content":false,"robots_default":true,"robots_noindex":false,"robots_noarchive":false,"robots_nosnippet":false,"robots_nofollow":false,"robots_noimageindex":false,"robots_noodp":false,"robots_notranslate":false,"robots_max_snippet":null,"robots_max_videopreview":null,"robots_max_imagepreview":"large","priority":null,"frequency":null,"local_seo":null,"breadcrumb_settings":null,"limit_modified_date":false,"ai":null,"created":"2026-09-05 03:00:49","updated":"2026-09-05 03:00:49","seo_analyzer_scan_date":null,"focus_keyword":null,"additional_keywords":null,"truseo_locale":null},"aioseo_breadcrumb":"<div class=\"aioseo-breadcrumbs\"><span class=\"aioseo-breadcrumb\">\n\t\t\t<a href=\"https:\/\/obewise.com.br\" title=\"Home\">Home<\/a>\n\t\t<\/span><span class=\"aioseo-breadcrumb-separator\">&raquo;<\/span><span class=\"aioseo-breadcrumb\">\n\t\t\t<a href=\"https:\/\/obewise.com.br\/index.php\/category\/geek\/\" title=\"Geek\">Geek<\/a>\n\t\t<\/span><span class=\"aioseo-breadcrumb-separator\">&raquo;<\/span><span class=\"aioseo-breadcrumb\">\n\t\t\tEscritores e livros infanto-juvenis para conhecer na Bienal do Livro SP 2026\n\t\t<\/span><\/div>","aioseo_breadcrumb_json":[{"label":"Home","link":"https:\/\/obewise.com.br"},{"label":"Geek","link":"https:\/\/obewise.com.br\/index.php\/category\/geek\/"},{"label":"Escritores e livros infanto-juvenis para conhecer na Bienal do Livro SP 2026","link":"https:\/\/obewise.com.br\/index.php\/2026\/09\/05\/escritores-e-livros-infanto-juvenis-para-conhecer-na-bienal-do-livro-sp-2026\/"}],"_links":{"self":[{"href":"https:\/\/obewise.com.br\/index.php\/wp-json\/wp\/v2\/posts\/24005","targetHints":{"allow":["GET"]}}],"collection":[{"href":"https:\/\/obewise.com.br\/index.php\/wp-json\/wp\/v2\/posts"}],"about":[{"href":"https:\/\/obewise.com.br\/index.php\/wp-json\/wp\/v2\/types\/post"}],"author":[{"embeddable":true,"href":"https:\/\/obewise.com.br\/index.php\/wp-json\/wp\/v2\/users\/1"}],"replies":[{"embeddable":true,"href":"https:\/\/obewise.com.br\/index.php\/wp-json\/wp\/v2\/comments?post=24005"}],"version-history":[{"count":0,"href":"https:\/\/obewise.com.br\/index.php\/wp-json\/wp\/v2\/posts\/24005\/revisions"}],"wp:featuredmedia":[{"embeddable":true,"href":"https:\/\/obewise.com.br\/index.php\/wp-json\/wp\/v2\/media\/24006"}],"wp:attachment":[{"href":"https:\/\/obewise.com.br\/index.php\/wp-json\/wp\/v2\/media?parent=24005"}],"wp:term":[{"taxonomy":"category","embeddable":true,"href":"https:\/\/obewise.com.br\/index.php\/wp-json\/wp\/v2\/categories?post=24005"},{"taxonomy":"post_tag","embeddable":true,"href":"https:\/\/obewise.com.br\/index.php\/wp-json\/wp\/v2\/tags?post=24005"},{"taxonomy":"author","embeddable":true,"href":"https:\/\/obewise.com.br\/index.php\/wp-json\/wp\/v2\/coauthors?post=24005"}],"curies":[{"name":"wp","href":"https:\/\/api.w.org\/{rel}","templated":true}]}}